{"id":26273,"date":"2025-01-20T11:33:26","date_gmt":"2025-01-20T16:33:26","guid":{"rendered":"https:\/\/www.colegiobolivar.edu.co\/website\/?p=26273"},"modified":"2025-01-20T11:33:26","modified_gmt":"2025-01-20T16:33:26","slug":"servicio-social-voluntario-en-middle-school-oportunidad-de-aprendizaje-liderazgo-y-empatia","status":"publish","type":"post","link":"https:\/\/www.colegiobolivar.edu.co\/website\/es\/servicio-social-voluntario-en-middle-school-oportunidad-de-aprendizaje-liderazgo-y-empatia\/","title":{"rendered":"Servicio social voluntario en Middle School, oportunidad de aprendizaje, liderazgo y empat\u00eda"},"content":{"rendered":"\n<p>La secci\u00f3n de Middle School lleva a cabo una serie de encuentros de servicio social voluntario durante el transcurso del a\u00f1o lectivo. Dichos encuentros son coordinados y planeados por los 9 estudiantes de octavo grado que integran la clase electiva de Leadership, bajo la orientaci\u00f3n de la profesora<strong> Ang\u00e9lica Mar\u00eda Arteaga.<\/strong><\/p>\n\n\n\n<p>Previo a cada encuentro, los estudiantes tienen la oportunidad de conocer personalmente la Fundaci\u00f3n o Escuela con la que se desarrollar\u00e1 la actividad, brind\u00e1ndoles la oportunidad de conocer realidades distintas a las suyas e identificar diferentes posibilidades de apoyar causas con sentido social.<\/p>\n\n\n\n<p>La finalidad principal de estos eventos es promover y cultivar la empat\u00eda y el sentido de comunidad en nuestros estudiantes a trav\u00e9s de la interacci\u00f3n con personas de diferentes edades y contextos.<\/p>\n\n\n\n<p><strong>En lo corrido del a\u00f1o 2024-2025 se han llevado a cabo 3 encuentros, relacionados con la conmemoraci\u00f3n de un d\u00eda especial, con diferentes poblaciones de la ciudad de Cali:<\/strong><\/p>\n\n\n\n<ul class=\"wp-block-list\">\n<li><strong>Septiembre 28, <\/strong>en el marco del d\u00eda Internacional del Lenguaje de Se\u00f1as, con los ni\u00f1os del Instituto para ni\u00f1os Ciegos y Sordos y con estudiantes de primaria de la Instituci\u00f3n Educativa La Trinidad.<\/li>\n<\/ul>\n\n\n\n<div style=\"height:20px\" aria-hidden=\"true\" class=\"wp-block-spacer\"><\/div>\n\n\n\n<figure class=\"wp-block-gallery has-nested-images columns-default is-cropped wp-block-gallery-1 is-layout-flex wp-block-gallery-is-layout-flex\">\n<figure class=\"wp-block-image size-large\"><img fetchpriority=\"high\" decoding=\"async\" width=\"640\" height=\"480\" data-id=\"26293\" src=\"https:\/\/colegiobolivar.edu.co\/website\/wp-content\/uploads\/2025\/01\/IMG_8561.jpg\" alt=\"\" class=\"wp-image-26293\" srcset=\"https:\/\/www.colegiobolivar.edu.co\/website\/wp-content\/uploads\/2025\/01\/IMG_8561.jpg 640w, https:\/\/www.colegiobolivar.edu.co\/website\/wp-content\/uploads\/2025\/01\/IMG_8561-300x225.jpg 300w\" sizes=\"(max-width: 640px) 100vw, 640px\" \/><\/figure>\n\n\n\n<figure class=\"wp-block-image size-large\"><img decoding=\"async\" width=\"640\" height=\"480\" data-id=\"26296\" src=\"https:\/\/colegiobolivar.edu.co\/website\/wp-content\/uploads\/2025\/01\/IMG_8572.jpg\" alt=\"\" class=\"wp-image-26296\" srcset=\"https:\/\/www.colegiobolivar.edu.co\/website\/wp-content\/uploads\/2025\/01\/IMG_8572.jpg 640w, https:\/\/www.colegiobolivar.edu.co\/website\/wp-content\/uploads\/2025\/01\/IMG_8572-300x225.jpg 300w\" sizes=\"(max-width: 640px) 100vw, 640px\" \/><\/figure>\n\n\n\n<figure class=\"wp-block-image size-large\"><img decoding=\"async\" data-id=\"26292\" src=\"https:\/\/colegiobolivar.edu.co\/website\/wp-content\/uploads\/2025\/01\/IMG_8574.jpg\" alt=\"\" class=\"wp-image-26292\"\/><\/figure>\n\n\n\n<figure class=\"wp-block-image size-large\"><img decoding=\"async\" width=\"640\" height=\"480\" data-id=\"26295\" src=\"https:\/\/colegiobolivar.edu.co\/website\/wp-content\/uploads\/2025\/01\/IMG_8612.jpg\" alt=\"\" class=\"wp-image-26295\" srcset=\"https:\/\/www.colegiobolivar.edu.co\/website\/wp-content\/uploads\/2025\/01\/IMG_8612.jpg 640w, https:\/\/www.colegiobolivar.edu.co\/website\/wp-content\/uploads\/2025\/01\/IMG_8612-300x225.jpg 300w\" sizes=\"(max-width: 640px) 100vw, 640px\" \/><\/figure>\n\n\n\n<figure class=\"wp-block-image size-large\"><img loading=\"lazy\" decoding=\"async\" width=\"640\" height=\"480\" data-id=\"26294\" src=\"https:\/\/colegiobolivar.edu.co\/website\/wp-content\/uploads\/2025\/01\/IMG_8630.jpg\" alt=\"\" class=\"wp-image-26294\" srcset=\"https:\/\/www.colegiobolivar.edu.co\/website\/wp-content\/uploads\/2025\/01\/IMG_8630.jpg 640w, https:\/\/www.colegiobolivar.edu.co\/website\/wp-content\/uploads\/2025\/01\/IMG_8630-300x225.jpg 300w\" sizes=\"(max-width: 640px) 100vw, 640px\" \/><\/figure>\n<\/figure>\n\n\n\n<div style=\"height:20px\" aria-hidden=\"true\" class=\"wp-block-spacer\"><\/div>\n\n\n\n<ul class=\"wp-block-list\">\n<li><strong>Octubre 19,<\/strong> en el marco del d\u00eda mundial contra la Discriminaci\u00f3n, con los j\u00f3venes de la Fundaci\u00f3n Asodisvalle.<\/li>\n<\/ul>\n\n\n\n<div style=\"height:20px\" aria-hidden=\"true\" class=\"wp-block-spacer\"><\/div>\n\n\n\n<figure class=\"wp-block-gallery has-nested-images columns-default is-cropped wp-block-gallery-2 is-layout-flex wp-block-gallery-is-layout-flex\">\n<figure class=\"wp-block-image size-large\"><img loading=\"lazy\" decoding=\"async\" width=\"640\" height=\"480\" data-id=\"26282\" src=\"https:\/\/colegiobolivar.edu.co\/website\/wp-content\/uploads\/2025\/01\/IMG_9083.jpg\" alt=\"\" class=\"wp-image-26282\" srcset=\"https:\/\/www.colegiobolivar.edu.co\/website\/wp-content\/uploads\/2025\/01\/IMG_9083.jpg 640w, https:\/\/www.colegiobolivar.edu.co\/website\/wp-content\/uploads\/2025\/01\/IMG_9083-300x225.jpg 300w\" sizes=\"(max-width: 640px) 100vw, 640px\" \/><\/figure>\n\n\n\n<figure class=\"wp-block-image size-large\"><img loading=\"lazy\" decoding=\"async\" width=\"640\" height=\"480\" data-id=\"26280\" src=\"https:\/\/colegiobolivar.edu.co\/website\/wp-content\/uploads\/2025\/01\/IMG_9108.jpg\" alt=\"\" class=\"wp-image-26280\" srcset=\"https:\/\/www.colegiobolivar.edu.co\/website\/wp-content\/uploads\/2025\/01\/IMG_9108.jpg 640w, https:\/\/www.colegiobolivar.edu.co\/website\/wp-content\/uploads\/2025\/01\/IMG_9108-300x225.jpg 300w\" sizes=\"(max-width: 640px) 100vw, 640px\" \/><\/figure>\n\n\n\n<figure class=\"wp-block-image size-large\"><img loading=\"lazy\" decoding=\"async\" width=\"640\" height=\"480\" data-id=\"26283\" src=\"https:\/\/colegiobolivar.edu.co\/website\/wp-content\/uploads\/2025\/01\/IMG_9113.jpg\" alt=\"\" class=\"wp-image-26283\" srcset=\"https:\/\/www.colegiobolivar.edu.co\/website\/wp-content\/uploads\/2025\/01\/IMG_9113.jpg 640w, https:\/\/www.colegiobolivar.edu.co\/website\/wp-content\/uploads\/2025\/01\/IMG_9113-300x225.jpg 300w\" sizes=\"(max-width: 640px) 100vw, 640px\" \/><\/figure>\n\n\n\n<figure class=\"wp-block-image size-large\"><img loading=\"lazy\" decoding=\"async\" width=\"640\" height=\"480\" data-id=\"26284\" src=\"https:\/\/colegiobolivar.edu.co\/website\/wp-content\/uploads\/2025\/01\/IMG_9136.jpg\" alt=\"\" class=\"wp-image-26284\" srcset=\"https:\/\/www.colegiobolivar.edu.co\/website\/wp-content\/uploads\/2025\/01\/IMG_9136.jpg 640w, https:\/\/www.colegiobolivar.edu.co\/website\/wp-content\/uploads\/2025\/01\/IMG_9136-300x225.jpg 300w\" sizes=\"(max-width: 640px) 100vw, 640px\" \/><\/figure>\n\n\n\n<figure class=\"wp-block-image size-large\"><img loading=\"lazy\" decoding=\"async\" width=\"640\" height=\"480\" data-id=\"26281\" src=\"https:\/\/colegiobolivar.edu.co\/website\/wp-content\/uploads\/2025\/01\/IMG_9157.jpg\" alt=\"\" class=\"wp-image-26281\" srcset=\"https:\/\/www.colegiobolivar.edu.co\/website\/wp-content\/uploads\/2025\/01\/IMG_9157.jpg 640w, https:\/\/www.colegiobolivar.edu.co\/website\/wp-content\/uploads\/2025\/01\/IMG_9157-300x225.jpg 300w\" sizes=\"(max-width: 640px) 100vw, 640px\" \/><\/figure>\n<\/figure>\n\n\n\n<div style=\"height:22px\" aria-hidden=\"true\" class=\"wp-block-spacer\"><\/div>\n\n\n\n<ul class=\"wp-block-list\">\n<li><strong>Diciembre 14, <\/strong>antecedido por la celebraci\u00f3n de Acci\u00f3n de gracias, con los adultos mayores de la Fundaci\u00f3n El Cottolengo.<\/li>\n<\/ul>\n\n\n\n<div style=\"height:23px\" aria-hidden=\"true\" class=\"wp-block-spacer\"><\/div>\n\n\n\n<figure class=\"wp-block-gallery has-nested-images columns-default is-cropped wp-block-gallery-3 is-layout-flex wp-block-gallery-is-layout-flex\">\n<figure class=\"wp-block-image size-large\"><img decoding=\"async\" sizes=\"(max-width: 1024px) 100vw, 1024px\" data-id=\"26275\" src=\"https:\/\/colegiobolivar.edu.co\/website\/wp-content\/uploads\/2025\/01\/IMG_0659-1024x768.jpg\" alt=\"\" class=\"wp-image-26275\"\/><\/figure>\n\n\n\n<figure class=\"wp-block-image size-large\"><img decoding=\"async\" sizes=\"(max-width: 1024px) 100vw, 1024px\" data-id=\"26277\" src=\"https:\/\/colegiobolivar.edu.co\/website\/wp-content\/uploads\/2025\/01\/IMG_0680-1024x768.jpg\" alt=\"\" class=\"wp-image-26277\"\/><\/figure>\n\n\n\n<figure class=\"wp-block-image size-large\"><img decoding=\"async\" sizes=\"(max-width: 1024px) 100vw, 1024px\" data-id=\"26278\" src=\"https:\/\/colegiobolivar.edu.co\/website\/wp-content\/uploads\/2025\/01\/IMG_0698-1024x768.jpg\" alt=\"\" class=\"wp-image-26278\"\/><\/figure>\n\n\n\n<figure class=\"wp-block-image size-large\"><img decoding=\"async\" sizes=\"(max-width: 1024px) 100vw, 1024px\" data-id=\"26276\" src=\"https:\/\/colegiobolivar.edu.co\/website\/wp-content\/uploads\/2025\/01\/IMG_0700-1024x768.jpg\" alt=\"\" class=\"wp-image-26276\"\/><\/figure>\n\n\n\n<figure class=\"wp-block-image size-large\"><img decoding=\"async\" sizes=\"(max-width: 1024px) 100vw, 1024px\" data-id=\"26274\" src=\"https:\/\/colegiobolivar.edu.co\/website\/wp-content\/uploads\/2025\/01\/IMG_0710-1024x768.jpg\" alt=\"\" class=\"wp-image-26274\"\/><\/figure>\n<\/figure>\n\n\n\n<div style=\"height:20px\" aria-hidden=\"true\" class=\"wp-block-spacer\"><\/div>\n\n\n\n<p>En cada una de estas integraciones se vivieron momentos gratos en los que los estudiantes voluntarios compartieron historias de vida, intercambiaron an\u00e9cdotas, jugaron, pintaron, caminaron y compartieron la mesa en un ambiente fraterno.<\/p>\n\n\n\n<ul class=\"wp-block-list\">\n<li><strong>Marzo 15<\/strong>, en el marco del D\u00eda Internacional de Cero Desechos, los estudiantes realizaron una jornada de limpieza y siembra, plantando 20 \u00e1rboles que ayudar\u00e1n a mantener vivo el ecosistema en el R\u00edo Pance.<\/li>\n<\/ul>\n\n\n\n<figure class=\"wp-block-gallery has-nested-images columns-default is-cropped wp-block-gallery-4 is-layout-flex wp-block-gallery-is-layout-flex\">\n<figure class=\"wp-block-image size-large\"><img loading=\"lazy\" decoding=\"async\" width=\"480\" height=\"640\" data-id=\"30727\" src=\"https:\/\/colegiobolivar.edu.co\/website\/wp-content\/uploads\/2025\/01\/IMG_2710-rotated-1.jpg\" alt=\"\" class=\"wp-image-30727\" srcset=\"https:\/\/www.colegiobolivar.edu.co\/website\/wp-content\/uploads\/2025\/01\/IMG_2710-rotated-1.jpg 480w, https:\/\/www.colegiobolivar.edu.co\/website\/wp-content\/uploads\/2025\/01\/IMG_2710-rotated-1-225x300.jpg 225w\" sizes=\"(max-width: 480px) 100vw, 480px\" \/><\/figure>\n\n\n\n<figure class=\"wp-block-image size-large\"><img loading=\"lazy\" decoding=\"async\" width=\"480\" height=\"640\" data-id=\"30726\" src=\"https:\/\/colegiobolivar.edu.co\/website\/wp-content\/uploads\/2025\/01\/IMG_2721-rotated-1.jpg\" alt=\"\" class=\"wp-image-30726\" srcset=\"https:\/\/www.colegiobolivar.edu.co\/website\/wp-content\/uploads\/2025\/01\/IMG_2721-rotated-1.jpg 480w, https:\/\/www.colegiobolivar.edu.co\/website\/wp-content\/uploads\/2025\/01\/IMG_2721-rotated-1-225x300.jpg 225w\" sizes=\"(max-width: 480px) 100vw, 480px\" \/><\/figure>\n\n\n\n<figure class=\"wp-block-image size-large\"><img loading=\"lazy\" decoding=\"async\" width=\"480\" height=\"640\" data-id=\"30724\" src=\"https:\/\/colegiobolivar.edu.co\/website\/wp-content\/uploads\/2025\/01\/IMG_2727-rotated-1.jpg\" alt=\"\" class=\"wp-image-30724\" srcset=\"https:\/\/www.colegiobolivar.edu.co\/website\/wp-content\/uploads\/2025\/01\/IMG_2727-rotated-1.jpg 480w, https:\/\/www.colegiobolivar.edu.co\/website\/wp-content\/uploads\/2025\/01\/IMG_2727-rotated-1-225x300.jpg 225w\" sizes=\"(max-width: 480px) 100vw, 480px\" \/><\/figure>\n\n\n\n<figure class=\"wp-block-image size-large\"><img loading=\"lazy\" decoding=\"async\" width=\"480\" height=\"640\" data-id=\"30723\" src=\"https:\/\/colegiobolivar.edu.co\/website\/wp-content\/uploads\/2025\/01\/IMG_2729-rotated-1.jpg\" alt=\"\" class=\"wp-image-30723\" srcset=\"https:\/\/www.colegiobolivar.edu.co\/website\/wp-content\/uploads\/2025\/01\/IMG_2729-rotated-1.jpg 480w, https:\/\/www.colegiobolivar.edu.co\/website\/wp-content\/uploads\/2025\/01\/IMG_2729-rotated-1-225x300.jpg 225w\" sizes=\"(max-width: 480px) 100vw, 480px\" \/><\/figure>\n\n\n\n<figure class=\"wp-block-image size-large\"><img loading=\"lazy\" decoding=\"async\" width=\"480\" height=\"640\" data-id=\"30728\" src=\"https:\/\/colegiobolivar.edu.co\/website\/wp-content\/uploads\/2025\/01\/IMG_2733-rotated-1.jpg\" alt=\"\" class=\"wp-image-30728\" srcset=\"https:\/\/www.colegiobolivar.edu.co\/website\/wp-content\/uploads\/2025\/01\/IMG_2733-rotated-1.jpg 480w, https:\/\/www.colegiobolivar.edu.co\/website\/wp-content\/uploads\/2025\/01\/IMG_2733-rotated-1-225x300.jpg 225w\" sizes=\"(max-width: 480px) 100vw, 480px\" \/><\/figure>\n\n\n\n<figure class=\"wp-block-image size-large\"><img decoding=\"async\" data-id=\"30729\" src=\"https:\/\/colegiobolivar.edu.co\/website\/wp-content\/uploads\/2025\/01\/IMG_2735-rotated-2.jpg\" alt=\"\" class=\"wp-image-30729\"\/><\/figure>\n<\/figure>\n\n\n\n<div style=\"height:20px\" aria-hidden=\"true\" class=\"wp-block-spacer\"><\/div>\n\n\n\n<p><strong>Para lo que resta de este a\u00f1o lectivo, el equipo de Leadership est\u00e1 programando una actividad m\u00e1s para el 25 de mayo: aprovechando el d\u00eda mundial del f\u00fatbol, invitar\u00e1n a ni\u00f1os de la Instituci\u00f3n Educativa de Pance al Colegio Bol\u00edvar para jugar y compartir.<\/strong><\/p>\n\n\n\n<p>El programa de servicio social voluntario en Middle School se alinea perfectamente con los principios del Aprendizaje M\u00e1s Profundo, promoviendo no solo el dominio del conocimiento sobre la realidad social, sino tambi\u00e9n habilidades esenciales como la colaboraci\u00f3n, la resoluci\u00f3n de problemas y la conciencia social. Al participar activamente en estas actividades, los estudiantes desarrollan un sentido de empat\u00eda y responsabilidad hacia su comunidad, aprendiendo a aplicar valores y habilidades en contextos reales. Cada encuentro con poblaciones diversas es una oportunidad para reflexionar sobre la interconexi\u00f3n entre las diferencias culturales y la humanidad compartida, fomentando su crecimiento personal y su compromiso como ciudadanos del mundo.<\/p>\n\n\n\n<p>Felicitaciones a los estudiantes que lideran estas acciones de voluntariado, a los que se suman y participan a pesar de no estar en la clase electiva y a sus familias que apoyan y contribuyen a promover y cumplir este prop\u00f3sito social.<\/p>\n\n\n\n<p><strong>Testimonios:<\/strong><\/p>\n\n\n\n<p>Los estudiantes compartieron sus experiencias para este art\u00edculo, reflejando el impacto significativo de estas actividades tanto en ellos como en la comunidad. Algunos de los testimonios m\u00e1s destacados incluyen:<\/p>\n\n\n\n<figure class=\"wp-block-table\"><table class=\"has-info-color-background-color has-background has-fixed-layout\"><tbody><tr><td><em>\u00abLa asignatura de Leadership es una experiencia valiosa porque nos permite poner en pr\u00e1ctica los valores Bol\u00edvar y tener diferentes aprendizajes en las visitas que realizamos a las fundaciones.\u00bb<\/em><\/td><\/tr><tr><td><em>\u00abEl servicio social voluntario ha tra\u00eddo experiencias enriquecedoras no solo a nosotros como estudiantes sino tambi\u00e9n a las personas con las que hemos compartido.\u00bb<\/em><\/td><\/tr><tr><td><em>\u00abSe ha desarrollado la paciencia porque no siempre las cosas salen como se planean, o las personas con las que interactuamos tienen capacidades o modos de ser diferentes a los nuestros.\u00bb<\/em><\/td><\/tr><tr><td><em>\u00abHemos aprendido a ser agradecidos porque a trav\u00e9s de estas actividades uno se da cuenta que tiene muchas oportunidades y privilegios, y hay personas que est\u00e1n en otras condiciones.\u00bb<\/em><\/td><\/tr><tr><td><em>Aprendemos de los errores que cometimos en las primeras actividades y a resolver en el camino las dificultades que se van presentando. Por ejemplo, el reto de la log\u00edstica pues cada evento requiere una organizaci\u00f3n: dise\u00f1o de invitaciones, definici\u00f3n de actividades, consecuci\u00f3n de los materiales a utilizar, entre otros. Para esto nos dividimos en equipos de trabajo para lograr el objetivo.<\/em><\/td><\/tr><tr><td><em>Usualmente hacemos cosas creativas con los ni\u00f1os y con los adultos mayores, que se adapten a la capacidad de cada uno y que nos permita interactuar a pesar de las diferencias.<\/em><\/td><\/tr><tr><td><em>Buscamos convocar a m\u00e1s compa\u00f1eros para que se sumen y apoyen las actividades. As\u00ed, los m\u00e1s peque\u00f1os aprenden el valor de ayudar a otros.<\/em><\/td><\/tr><\/tbody><\/table><\/figure>\n\n\n\n<p>Estos testimonios subrayan c\u00f3mo las iniciativas de voluntariado no solo cumplen un prop\u00f3sito social, sino tambi\u00e9n contribuyen al desarrollo integral de los estudiantes, reforzando su capacidad para liderar con empat\u00eda y compromiso.<\/p>\n\n\n\n<p><strong>Los estudiantes de octavo grado que integran actualmente la clase electiva de Leadership:<\/strong><\/p>\n\n\n\n<figure class=\"wp-block-table\"><table class=\"has-fixed-layout\"><tbody><tr><td>Luc\u00eda Londo\u00f1o Quintana&nbsp;<\/td><\/tr><tr><td>Laura Morales Dorronsoro<\/td><\/tr><tr><td>Luc\u00eda Pe\u00f1a Echeverri<\/td><\/tr><tr><td>Juana Mar\u00eda R\u00edos Cabezas<\/td><\/tr><tr><td>Mar\u00eda Antonia Torres Tabares<\/td><\/tr><tr><td>Juan Jos\u00e9 Caicedo Lozano<\/td><\/tr><tr><td>Juan Camilo Esguerra Z\u00fa\u00f1iga&nbsp;<\/td><\/tr><tr><td>Nicol\u00e1s Pereira Martinez<\/td><\/tr><tr><td>Ilana Wartenberg Jaramillo.<\/td><\/tr><\/tbody><\/table><\/figure>\n","protected":false},"excerpt":{"rendered":"<p>La secci\u00f3n de Middle School lleva a cabo una serie de encuentros de servicio social voluntario durante el transcurso del a\u00f1o lectivo. Dichos encuentros son coordinados y planeados por los 9 estudiantes de octavo grado que integran la clase electiva de Leadership, bajo la orientaci\u00f3n de la profesora Ang\u00e9lica Mar\u00eda Arteaga. Previo a cada encuentro, [&hellip;]<\/p>\n","protected":false},"author":2,"featured_media":33714,"comment_status":"closed","ping_status":"closed","sticky":false,"template":"","format":"standard","meta":{"_acf_changed":false,"footnotes":""},"categories":[9],"tags":[],"class_list":["post-26273","post","type-post","status-publish","format-standard","has-post-thumbnail","hentry","category-sin-categoria-es"],"acf":[],"_links":{"self":[{"href":"https:\/\/www.colegiobolivar.edu.co\/website\/wp-json\/wp\/v2\/posts\/26273","targetHints":{"allow":["GET"]}}],"collection":[{"href":"https:\/\/www.colegiobolivar.edu.co\/website\/wp-json\/wp\/v2\/posts"}],"about":[{"href":"https:\/\/www.colegiobolivar.edu.co\/website\/wp-json\/wp\/v2\/types\/post"}],"author":[{"embeddable":true,"href":"https:\/\/www.colegiobolivar.edu.co\/website\/wp-json\/wp\/v2\/users\/2"}],"replies":[{"embeddable":true,"href":"https:\/\/www.colegiobolivar.edu.co\/website\/wp-json\/wp\/v2\/comments?post=26273"}],"version-history":[{"count":0,"href":"https:\/\/www.colegiobolivar.edu.co\/website\/wp-json\/wp\/v2\/posts\/26273\/revisions"}],"wp:featuredmedia":[{"embeddable":true,"href":"https:\/\/www.colegiobolivar.edu.co\/website\/wp-json\/wp\/v2\/media\/33714"}],"wp:attachment":[{"href":"https:\/\/www.colegiobolivar.edu.co\/website\/wp-json\/wp\/v2\/media?parent=26273"}],"wp:term":[{"taxonomy":"category","embeddable":true,"href":"https:\/\/www.colegiobolivar.edu.co\/website\/wp-json\/wp\/v2\/categories?post=26273"},{"taxonomy":"post_tag","embeddable":true,"href":"https:\/\/www.colegiobolivar.edu.co\/website\/wp-json\/wp\/v2\/tags?post=26273"}],"curies":[{"name":"wp","href":"https:\/\/api.w.org\/{rel}","templated":true}]}}