{"id":31035,"date":"2025-05-12T09:47:59","date_gmt":"2025-05-12T14:47:59","guid":{"rendered":"https:\/\/www.colegiobolivar.edu.co\/website\/?p=31035"},"modified":"2025-05-12T09:47:59","modified_gmt":"2025-05-12T14:47:59","slug":"comprometidos-con-el-planeta-el-circulo-de-control-de-quinto-grado","status":"publish","type":"post","link":"https:\/\/www.colegiobolivar.edu.co\/website\/es\/comprometidos-con-el-planeta-el-circulo-de-control-de-quinto-grado\/","title":{"rendered":"Comprometidos con el planeta: el C\u00edrculo de Control de Quinto Grado"},"content":{"rendered":"\n<figure class=\"wp-block-image size-large\"><img decoding=\"async\" sizes=\"(max-width: 723px) 100vw, 723px\" src=\"https:\/\/colegiobolivar.edu.co\/website\/wp-content\/uploads\/2025\/05\/20250423_150538-723x1024.jpg\" alt=\"\" class=\"wp-image-31036\"\/><\/figure>\n\n\n\n<div style=\"height:20px\" aria-hidden=\"true\" class=\"wp-block-spacer\"><\/div>\n\n\n\n<p>Los estudiantes de quinto grado de la clase de Ciencias participaron en una experiencia muy significativa para celebrar el D\u00eda de la Tierra (22 de abril). Bajo la gu\u00eda del profesor Ryan Evansen, los ni\u00f1os exploraron el concepto del \u201cC\u00edrculo de Control\u201d, una herramienta que, m\u00e1s all\u00e1 de su uso habitual en la psicolog\u00eda para comprender emociones, fue adaptada para abordar un tema complejo como el cambio clim\u00e1tico.<\/p>\n\n\n\n<p>La actividad parti\u00f3 de una premisa clara: cuando se trata del medio ambiente hay muchas cosas fuera del control de los ni\u00f1os como, por ejemplo, las pol\u00edticas globales, las decisiones de grandes industrias o la deforestaci\u00f3n masiva, pero tambi\u00e9n hay muchas que s\u00ed pueden controlar en su cotidianidad. Por esto, los estudiantes trabajaron en parejas para identificar y distinguir esas dos categor\u00edas: lo que escapa de sus manos y lo que, incluso desde su edad, pueden ayudar a cambiar.<\/p>\n\n\n\n<figure class=\"wp-block-gallery has-nested-images columns-default is-cropped wp-block-gallery-1 is-layout-flex wp-block-gallery-is-layout-flex\">\n<figure class=\"wp-block-image size-large\"><img decoding=\"async\" sizes=\"(max-width: 1024px) 100vw, 1024px\" data-id=\"31041\" src=\"https:\/\/colegiobolivar.edu.co\/website\/wp-content\/uploads\/2025\/05\/20250430_121208-1024x576.jpg\" alt=\"\" class=\"wp-image-31041\"\/><\/figure>\n\n\n\n<figure class=\"wp-block-image size-large\"><img decoding=\"async\" sizes=\"(max-width: 576px) 100vw, 576px\" data-id=\"31039\" src=\"https:\/\/colegiobolivar.edu.co\/website\/wp-content\/uploads\/2025\/05\/20250430_122030-576x1024.jpg\" alt=\"\" class=\"wp-image-31039\"\/><\/figure>\n\n\n\n<figure class=\"wp-block-image size-large\"><img decoding=\"async\" sizes=\"(max-width: 576px) 100vw, 576px\" data-id=\"31038\" src=\"https:\/\/colegiobolivar.edu.co\/website\/wp-content\/uploads\/2025\/05\/20250430_120426-576x1024.jpg\" alt=\"\" class=\"wp-image-31038\"\/><\/figure>\n\n\n\n<figure class=\"wp-block-image size-large\"><img decoding=\"async\" sizes=\"(max-width: 1024px) 100vw, 1024px\" data-id=\"31037\" src=\"https:\/\/colegiobolivar.edu.co\/website\/wp-content\/uploads\/2025\/05\/20250423_150636-1024x710.jpg\" alt=\"\" class=\"wp-image-31037\"\/><\/figure>\n<\/figure>\n\n\n\n<div style=\"height:20px\" aria-hidden=\"true\" class=\"wp-block-spacer\"><\/div>\n\n\n\n<p>En vez de realizar un acto simb\u00f3lico tradicional, como plantar un \u00e1rbol o recoger basuras, los alumnos fueron un paso m\u00e1s all\u00e1: hicieron uso de lo que descubrieron dentro de su C\u00edrculo de Control, cada uno cre\u00f3 un compromiso personal con el Planeta, con acciones peque\u00f1as, claras y alcanzables que ellos y sus familias puedan implementar. Desde reducir el uso de pl\u00e1stico hasta apagar luces innecesarias o promover el reciclaje en casa, cada promesa es el reflejo de un genuino prop\u00f3sito por cuidar la Tierra. Estos compromisos, escritos y firmados por los propios estudiantes, ahora decoran la cartelera ubicada en las afueras del sal\u00f3n de 5E.<\/p>\n\n\n\n<p>Con esta actividad, los estudiantes no solo aprendieron sobre el cuidado del medio ambiente, sino tambi\u00e9n sobre el empoderamiento, la responsabilidad y la esperanza pues, al final, cuidar del Planeta empieza con las decisiones que s\u00ed est\u00e1n en nuestras manos en los espacios cotidianos que habitamos.&nbsp;<\/p>\n\n\n\n<figure class=\"wp-block-gallery has-nested-images columns-default is-cropped wp-block-gallery-2 is-layout-flex wp-block-gallery-is-layout-flex\">\n<figure class=\"wp-block-image size-large\"><img decoding=\"async\" sizes=\"(max-width: 1024px) 100vw, 1024px\" data-id=\"31045\" src=\"https:\/\/colegiobolivar.edu.co\/website\/wp-content\/uploads\/2025\/05\/20250423_150647-1-1024x697.jpg\" alt=\"\" class=\"wp-image-31045\"\/><\/figure>\n\n\n\n<figure class=\"wp-block-image size-large\"><img decoding=\"async\" sizes=\"(max-width: 1024px) 100vw, 1024px\" data-id=\"31046\" src=\"https:\/\/colegiobolivar.edu.co\/website\/wp-content\/uploads\/2025\/05\/20250430_1211040-2-1024x576.jpg\" alt=\"\" class=\"wp-image-31046\"\/><\/figure>\n<\/figure>\n\n\n\n<p><\/p>\n","protected":false},"excerpt":{"rendered":"<p>Los estudiantes de quinto grado de la clase de Ciencias participaron en una experiencia muy significativa para celebrar el D\u00eda de la Tierra (22 de abril). Bajo la gu\u00eda del profesor Ryan Evansen, los ni\u00f1os exploraron el concepto del \u201cC\u00edrculo de Control\u201d, una herramienta que, m\u00e1s all\u00e1 de su uso habitual en la psicolog\u00eda para [&hellip;]<\/p>\n","protected":false},"author":2,"featured_media":31047,"comment_status":"closed","ping_status":"closed","sticky":false,"template":"","format":"standard","meta":{"_acf_changed":false,"footnotes":""},"categories":[9],"tags":[],"class_list":["post-31035","post","type-post","status-publish","format-standard","has-post-thumbnail","hentry","category-sin-categoria-es"],"acf":[],"_links":{"self":[{"href":"https:\/\/www.colegiobolivar.edu.co\/website\/wp-json\/wp\/v2\/posts\/31035","targetHints":{"allow":["GET"]}}],"collection":[{"href":"https:\/\/www.colegiobolivar.edu.co\/website\/wp-json\/wp\/v2\/posts"}],"about":[{"href":"https:\/\/www.colegiobolivar.edu.co\/website\/wp-json\/wp\/v2\/types\/post"}],"author":[{"embeddable":true,"href":"https:\/\/www.colegiobolivar.edu.co\/website\/wp-json\/wp\/v2\/users\/2"}],"replies":[{"embeddable":true,"href":"https:\/\/www.colegiobolivar.edu.co\/website\/wp-json\/wp\/v2\/comments?post=31035"}],"version-history":[{"count":0,"href":"https:\/\/www.colegiobolivar.edu.co\/website\/wp-json\/wp\/v2\/posts\/31035\/revisions"}],"wp:featuredmedia":[{"embeddable":true,"href":"https:\/\/www.colegiobolivar.edu.co\/website\/wp-json\/wp\/v2\/media\/31047"}],"wp:attachment":[{"href":"https:\/\/www.colegiobolivar.edu.co\/website\/wp-json\/wp\/v2\/media?parent=31035"}],"wp:term":[{"taxonomy":"category","embeddable":true,"href":"https:\/\/www.colegiobolivar.edu.co\/website\/wp-json\/wp\/v2\/categories?post=31035"},{"taxonomy":"post_tag","embeddable":true,"href":"https:\/\/www.colegiobolivar.edu.co\/website\/wp-json\/wp\/v2\/tags?post=31035"}],"curies":[{"name":"wp","href":"https:\/\/api.w.org\/{rel}","templated":true}]}}