{"id":31066,"date":"2025-05-12T11:15:36","date_gmt":"2025-05-12T16:15:36","guid":{"rendered":"https:\/\/www.colegiobolivar.edu.co\/website\/?p=31066"},"modified":"2025-05-12T11:15:36","modified_gmt":"2025-05-12T16:15:36","slug":"culturas-ancestrales-al-aire-un-noticiero-hecho-por-estudiantes","status":"publish","type":"post","link":"https:\/\/www.colegiobolivar.edu.co\/website\/es\/culturas-ancestrales-al-aire-un-noticiero-hecho-por-estudiantes\/","title":{"rendered":"Culturas ancestrales al aire: un noticiero hecho por estudiantes"},"content":{"rendered":"\n<p>Los estudiantes de sexto grado de la asignatura de <strong>Estudios de Colombia y Am\u00e9rica Latina (ECAL),<\/strong> han transformado el sal\u00f3n de clases en un verdadero estudio de televisi\u00f3n. Bajo la gu\u00eda de los profesores, <strong>Alain Rivera y \u00c1lvaro Herrera, <\/strong>emprendieron un viaje al pasado para investigar las culturas cl\u00e1sicas y poscl\u00e1sicas de Am\u00e9rica, como los <strong>Incas, Mayas, Aztecas y Muiscas<\/strong>, combinando la investigaci\u00f3n acad\u00e9mica con la producci\u00f3n audiovisual.<\/p>\n\n\n\n<p>El proyecto arranc\u00f3 con una <strong>etapa de indagaci\u00f3n,<\/strong> para lo que se dividieron en grupos m\u00e1s peque\u00f1os. A cada grupo le fue asignada una civilizaci\u00f3n diferente, debiendo investigar fuentes hist\u00f3ricas, elaborar mapas conceptuales, cartograf\u00edas y l\u00edneas de tiempo, con el fin de entender tanto los aspectos culturales como los geogr\u00e1ficos y sociales de su tema. Esta fase permiti\u00f3 a los estudiantes construir una base s\u00f3lida de conocimiento de manera cr\u00edtica y organizada.<\/p>\n\n\n\n<p>Luego, pasaron a una <strong>segunda etapa:<\/strong> plasmar el resultado de sus investigaciones mediante un noticiero creado por ellos mismos. En primera instancia, cada grupo dise\u00f1\u00f3 entrevistas donde cada uno de los estudiantes, en el papel de expertos de la civilizaci\u00f3n asignada, explicaban los principales hallazgos de su investigaci\u00f3n. Estas entrevistas no eran solo un ejercicio de exposici\u00f3n oral durante la clase, sino parte del contenido que ser\u00eda grabado y editado como segmentos del noticiero, para luego ser utilizado como insumos.<\/p>\n\n\n\n<figure class=\"wp-block-gallery has-nested-images columns-default is-cropped wp-block-gallery-1 is-layout-flex wp-block-gallery-is-layout-flex\">\n<figure class=\"wp-block-image size-large\"><img decoding=\"async\" sizes=\"(max-width: 1024px) 100vw, 1024px\" data-id=\"31067\" src=\"https:\/\/colegiobolivar.edu.co\/website\/wp-content\/uploads\/2025\/05\/20250508_112512-1024x768.jpg\" alt=\"\" class=\"wp-image-31067\"\/><\/figure>\n\n\n\n<figure class=\"wp-block-image size-large\"><img decoding=\"async\" sizes=\"(max-width: 1024px) 100vw, 1024px\" data-id=\"31068\" src=\"https:\/\/colegiobolivar.edu.co\/website\/wp-content\/uploads\/2025\/05\/20250508_112745-1-1024x768.jpg\" alt=\"\" class=\"wp-image-31068\"\/><\/figure>\n\n\n\n<figure class=\"wp-block-image size-large\"><img decoding=\"async\" sizes=\"(max-width: 1024px) 100vw, 1024px\" data-id=\"31070\" src=\"https:\/\/colegiobolivar.edu.co\/website\/wp-content\/uploads\/2025\/05\/20250508_112746-1024x768.jpg\" alt=\"\" class=\"wp-image-31070\"\/><\/figure>\n<\/figure>\n\n\n\n<div style=\"height:20px\" aria-hidden=\"true\" class=\"wp-block-spacer\"><\/div>\n\n\n\n<p>Despu\u00e9s de tener las entrevistas ya realizadas, las grabaciones del material central del noticiero se realizaron en el sal\u00f3n de ICT, donde los estudiantes, siguiendo guiones preparados por ellos mismos, no solo actuaron como presentadores y entrevistadores, sino que tambi\u00e9n asumieron tareas de producci\u00f3n y edici\u00f3n de video, trabajando colaborativamente para dar forma a un producto final de calidad.<\/p>\n\n\n\n<p>As\u00ed, de la investigaci\u00f3n al estudio de grabaci\u00f3n, los estudiantes no solo aprendieron sobre culturas milenarias, sino tambi\u00e9n sobre comunicaci\u00f3n, tecnolog\u00eda y trabajo en equipo, demostrando que el conocimiento del aula cobra a\u00fan m\u00e1s vida cuando se interrelaciona con otros saberes.<\/p>\n","protected":false},"excerpt":{"rendered":"<p>Los estudiantes de sexto grado de la asignatura de Estudios de Colombia y Am\u00e9rica Latina (ECAL), han transformado el sal\u00f3n de clases en un verdadero estudio de televisi\u00f3n. Bajo la gu\u00eda de los profesores, Alain Rivera y \u00c1lvaro Herrera, emprendieron un viaje al pasado para investigar las culturas cl\u00e1sicas y poscl\u00e1sicas de Am\u00e9rica, como los [&hellip;]<\/p>\n","protected":false},"author":2,"featured_media":31072,"comment_status":"closed","ping_status":"closed","sticky":false,"template":"","format":"standard","meta":{"_acf_changed":false,"footnotes":""},"categories":[9],"tags":[],"class_list":["post-31066","post","type-post","status-publish","format-standard","has-post-thumbnail","hentry","category-sin-categoria-es"],"acf":[],"_links":{"self":[{"href":"https:\/\/www.colegiobolivar.edu.co\/website\/wp-json\/wp\/v2\/posts\/31066","targetHints":{"allow":["GET"]}}],"collection":[{"href":"https:\/\/www.colegiobolivar.edu.co\/website\/wp-json\/wp\/v2\/posts"}],"about":[{"href":"https:\/\/www.colegiobolivar.edu.co\/website\/wp-json\/wp\/v2\/types\/post"}],"author":[{"embeddable":true,"href":"https:\/\/www.colegiobolivar.edu.co\/website\/wp-json\/wp\/v2\/users\/2"}],"replies":[{"embeddable":true,"href":"https:\/\/www.colegiobolivar.edu.co\/website\/wp-json\/wp\/v2\/comments?post=31066"}],"version-history":[{"count":0,"href":"https:\/\/www.colegiobolivar.edu.co\/website\/wp-json\/wp\/v2\/posts\/31066\/revisions"}],"wp:featuredmedia":[{"embeddable":true,"href":"https:\/\/www.colegiobolivar.edu.co\/website\/wp-json\/wp\/v2\/media\/31072"}],"wp:attachment":[{"href":"https:\/\/www.colegiobolivar.edu.co\/website\/wp-json\/wp\/v2\/media?parent=31066"}],"wp:term":[{"taxonomy":"category","embeddable":true,"href":"https:\/\/www.colegiobolivar.edu.co\/website\/wp-json\/wp\/v2\/categories?post=31066"},{"taxonomy":"post_tag","embeddable":true,"href":"https:\/\/www.colegiobolivar.edu.co\/website\/wp-json\/wp\/v2\/tags?post=31066"}],"curies":[{"name":"wp","href":"https:\/\/api.w.org\/{rel}","templated":true}]}}