{"id":31389,"date":"2025-05-22T13:44:10","date_gmt":"2025-05-22T18:44:10","guid":{"rendered":"https:\/\/www.colegiobolivar.edu.co\/website\/?p=31389"},"modified":"2025-05-22T13:44:10","modified_gmt":"2025-05-22T18:44:10","slug":"una-ficha-con-voz-propia-cuando-escribir-es-descubrir-y-compartir","status":"publish","type":"post","link":"https:\/\/www.colegiobolivar.edu.co\/website\/es\/una-ficha-con-voz-propia-cuando-escribir-es-descubrir-y-compartir\/","title":{"rendered":"Una Ficha con Voz Propia: cuando escribir es descubrir y compartir"},"content":{"rendered":"\n<p>Los estudiantes de grado 1, en el \u00e1rea de espa\u00f1ol se embarcaron en una experiencia de aprendizaje aut\u00e9ntica y significativa: la creaci\u00f3n de una ficha t\u00e9cnica ilustrada sobre un animal elegido por ellos mismos. Este proyecto, bajo la gu\u00eda de la profesora<strong> Yeni Garc\u00eda<\/strong>, integr\u00f3 lectura, escritura, ilustraci\u00f3n e investigaci\u00f3n, fortaleciendo no solo habilidades acad\u00e9micas, sino tambi\u00e9n la confianza, la autonom\u00eda y el gusto por comunicar.<\/p>\n\n\n\n<p>A trav\u00e9s de preguntas detonadoras, trabajo colaborativo y el uso de diversas fuentes de informaci\u00f3n, los ni\u00f1os se convirtieron en peque\u00f1os investigadores. Clasificaron datos, escribieron sus textos con apoyo guiado, ilustraron con intenci\u00f3n y, finalmente, socializaron sus fichas t\u00e9cnicas ante una audiencia real. Cada paso del proceso reflej\u00f3 evoluci\u00f3n, esfuerzo y apropiaci\u00f3n.<\/p>\n\n\n\n<figure class=\"wp-block-image size-large\"><img decoding=\"async\" sizes=\"(max-width: 1024px) 100vw, 1024px\" src=\"https:\/\/colegiobolivar.edu.co\/website\/wp-content\/uploads\/2025\/05\/Picture3-1024x585.jpg\" alt=\"\" class=\"wp-image-31390\"\/><\/figure>\n\n\n\n<div style=\"height:20px\" aria-hidden=\"true\" class=\"wp-block-spacer\"><\/div>\n\n\n\n<p><em>Una Ficha con Voz Propia<\/em> est\u00e1 profundamente conectado con nuestro enfoque de Aprendizaje m\u00e1s Profundo. Promueve habilidades clave como la comunicaci\u00f3n efectiva, el pensamiento cr\u00edtico, la colaboraci\u00f3n y la creatividad. Los estudiantes ejercitaron su voz y capacidad de elecci\u00f3n al seleccionar el animal de su inter\u00e9s, lo que les permiti\u00f3 participar activamente en su aprendizaje y conectar con sus motivaciones personales. El proyecto tambi\u00e9n foment\u00f3 una mentalidad de crecimiento, al invitar a los ni\u00f1os a revisar y mejorar sus textos en un ambiente de confianza y retroalimentaci\u00f3n constante.<\/p>\n\n\n\n<p>\u201cLa ficha t\u00e9cnica fortaleci\u00f3 la confianza, la motivaci\u00f3n y la autonom\u00eda de los estudiantes\u201d, destac\u00f3 Yeni Garc\u00eda, profesora de espa\u00f1ol de grado 1. Esta experiencia, adem\u00e1s de enriquecer la alfabetizaci\u00f3n, permiti\u00f3 a los ni\u00f1os comprender para qu\u00e9 sirve escribir y leer en la vida real.<\/p>\n\n\n\n<figure class=\"wp-block-gallery has-nested-images columns-default is-cropped wp-block-gallery-1 is-layout-flex wp-block-gallery-is-layout-flex\">\n<figure class=\"wp-block-image size-large\"><img fetchpriority=\"high\" decoding=\"async\" width=\"461\" height=\"1024\" sizes=\"(max-width: 461px) 100vw, 461px\" data-id=\"31391\" src=\"https:\/\/colegiobolivar.edu.co\/website\/wp-content\/uploads\/2025\/05\/WhatsApp-Image-2025-05-07-at-1.43.58-PM-1-461x1024.jpeg\" alt=\"\" class=\"wp-image-31391\" srcset=\"https:\/\/www.colegiobolivar.edu.co\/website\/wp-content\/uploads\/2025\/05\/WhatsApp-Image-2025-05-07-at-1.43.58-PM-1-461x1024.jpeg 461w, https:\/\/www.colegiobolivar.edu.co\/website\/wp-content\/uploads\/2025\/05\/WhatsApp-Image-2025-05-07-at-1.43.58-PM-1-135x300.jpeg 135w, https:\/\/www.colegiobolivar.edu.co\/website\/wp-content\/uploads\/2025\/05\/WhatsApp-Image-2025-05-07-at-1.43.58-PM-1-691x1536.jpeg 691w, https:\/\/www.colegiobolivar.edu.co\/website\/wp-content\/uploads\/2025\/05\/WhatsApp-Image-2025-05-07-at-1.43.58-PM-1.jpeg 720w\" \/><\/figure>\n\n\n\n<figure class=\"wp-block-image size-large\"><img decoding=\"async\" width=\"461\" height=\"1024\" sizes=\"(max-width: 461px) 100vw, 461px\" data-id=\"31395\" src=\"https:\/\/colegiobolivar.edu.co\/website\/wp-content\/uploads\/2025\/05\/WhatsApp-Image-2025-05-07-at-1.43.58-PM-2-461x1024.jpeg\" alt=\"\" class=\"wp-image-31395\" srcset=\"https:\/\/www.colegiobolivar.edu.co\/website\/wp-content\/uploads\/2025\/05\/WhatsApp-Image-2025-05-07-at-1.43.58-PM-2-461x1024.jpeg 461w, https:\/\/www.colegiobolivar.edu.co\/website\/wp-content\/uploads\/2025\/05\/WhatsApp-Image-2025-05-07-at-1.43.58-PM-2-135x300.jpeg 135w, https:\/\/www.colegiobolivar.edu.co\/website\/wp-content\/uploads\/2025\/05\/WhatsApp-Image-2025-05-07-at-1.43.58-PM-2-691x1536.jpeg 691w, https:\/\/www.colegiobolivar.edu.co\/website\/wp-content\/uploads\/2025\/05\/WhatsApp-Image-2025-05-07-at-1.43.58-PM-2.jpeg 720w\" \/><\/figure>\n\n\n\n<figure class=\"wp-block-image size-large\"><img decoding=\"async\" width=\"461\" height=\"1024\" sizes=\"(max-width: 461px) 100vw, 461px\" data-id=\"31392\" src=\"https:\/\/colegiobolivar.edu.co\/website\/wp-content\/uploads\/2025\/05\/WhatsApp-Image-2025-05-07-at-1.43.58-PM-461x1024.jpeg\" alt=\"\" class=\"wp-image-31392\" srcset=\"https:\/\/www.colegiobolivar.edu.co\/website\/wp-content\/uploads\/2025\/05\/WhatsApp-Image-2025-05-07-at-1.43.58-PM-461x1024.jpeg 461w, https:\/\/www.colegiobolivar.edu.co\/website\/wp-content\/uploads\/2025\/05\/WhatsApp-Image-2025-05-07-at-1.43.58-PM-135x300.jpeg 135w, https:\/\/www.colegiobolivar.edu.co\/website\/wp-content\/uploads\/2025\/05\/WhatsApp-Image-2025-05-07-at-1.43.58-PM-691x1536.jpeg 691w, https:\/\/www.colegiobolivar.edu.co\/website\/wp-content\/uploads\/2025\/05\/WhatsApp-Image-2025-05-07-at-1.43.58-PM.jpeg 720w\" \/><\/figure>\n<\/figure>\n\n\n\n<div style=\"height:20px\" aria-hidden=\"true\" class=\"wp-block-spacer\"><\/div>\n\n\n\n<p><em>Una Ficha con Voz Propia<\/em> demuestra c\u00f3mo, desde peque\u00f1os, nuestros estudiantes desarrollan una voz propia para entender el mundo\u2026 y compartirlo con los dem\u00e1s.<\/p>\n","protected":false},"excerpt":{"rendered":"<p>Los estudiantes de grado 1, en el \u00e1rea de espa\u00f1ol se embarcaron en una experiencia de aprendizaje aut\u00e9ntica y significativa: la creaci\u00f3n de una ficha t\u00e9cnica ilustrada sobre un animal elegido por ellos mismos. Este proyecto, bajo la gu\u00eda de la profesora Yeni Garc\u00eda, integr\u00f3 lectura, escritura, ilustraci\u00f3n e investigaci\u00f3n, fortaleciendo no solo habilidades acad\u00e9micas, [&hellip;]<\/p>\n","protected":false},"author":2,"featured_media":0,"comment_status":"closed","ping_status":"closed","sticky":false,"template":"","format":"standard","meta":{"_acf_changed":false,"footnotes":""},"categories":[9],"tags":[],"class_list":["post-31389","post","type-post","status-publish","format-standard","hentry","category-sin-categoria-es"],"acf":[],"_links":{"self":[{"href":"https:\/\/www.colegiobolivar.edu.co\/website\/wp-json\/wp\/v2\/posts\/31389","targetHints":{"allow":["GET"]}}],"collection":[{"href":"https:\/\/www.colegiobolivar.edu.co\/website\/wp-json\/wp\/v2\/posts"}],"about":[{"href":"https:\/\/www.colegiobolivar.edu.co\/website\/wp-json\/wp\/v2\/types\/post"}],"author":[{"embeddable":true,"href":"https:\/\/www.colegiobolivar.edu.co\/website\/wp-json\/wp\/v2\/users\/2"}],"replies":[{"embeddable":true,"href":"https:\/\/www.colegiobolivar.edu.co\/website\/wp-json\/wp\/v2\/comments?post=31389"}],"version-history":[{"count":0,"href":"https:\/\/www.colegiobolivar.edu.co\/website\/wp-json\/wp\/v2\/posts\/31389\/revisions"}],"wp:attachment":[{"href":"https:\/\/www.colegiobolivar.edu.co\/website\/wp-json\/wp\/v2\/media?parent=31389"}],"wp:term":[{"taxonomy":"category","embeddable":true,"href":"https:\/\/www.colegiobolivar.edu.co\/website\/wp-json\/wp\/v2\/categories?post=31389"},{"taxonomy":"post_tag","embeddable":true,"href":"https:\/\/www.colegiobolivar.edu.co\/website\/wp-json\/wp\/v2\/tags?post=31389"}],"curies":[{"name":"wp","href":"https:\/\/api.w.org\/{rel}","templated":true}]}}