{"id":31397,"date":"2025-05-22T14:10:05","date_gmt":"2025-05-22T19:10:05","guid":{"rendered":"https:\/\/www.colegiobolivar.edu.co\/website\/?p=31397"},"modified":"2025-05-22T14:10:05","modified_gmt":"2025-05-22T19:10:05","slug":"la-poetica-del-color-una-experiencia-sensorial-en-el-nido","status":"publish","type":"post","link":"https:\/\/www.colegiobolivar.edu.co\/website\/es\/la-poetica-del-color-una-experiencia-sensorial-en-el-nido\/","title":{"rendered":"La Po\u00e9tica del Color: una experiencia sensorial en El Nido"},"content":{"rendered":"\n<figure class=\"wp-block-image size-large\"><img fetchpriority=\"high\" decoding=\"async\" width=\"1024\" height=\"477\" sizes=\"(max-width: 1024px) 100vw, 1024px\" src=\"https:\/\/colegiobolivar.edu.co\/website\/wp-content\/uploads\/2025\/05\/Picture11-1024x477.jpg\" alt=\"\" class=\"wp-image-31398\" srcset=\"https:\/\/www.colegiobolivar.edu.co\/website\/wp-content\/uploads\/2025\/05\/Picture11-1024x477.jpg 1024w, https:\/\/www.colegiobolivar.edu.co\/website\/wp-content\/uploads\/2025\/05\/Picture11-300x140.jpg 300w, https:\/\/www.colegiobolivar.edu.co\/website\/wp-content\/uploads\/2025\/05\/Picture11-768x358.jpg 768w, https:\/\/www.colegiobolivar.edu.co\/website\/wp-content\/uploads\/2025\/05\/Picture11.jpg 1202w\" \/><\/figure>\n\n\n\n<div style=\"height:20px\" aria-hidden=\"true\" class=\"wp-block-spacer\"><\/div>\n\n\n\n<p>En el grupo de los Loritos de El Nido (2 a\u00f1os), el color no se ense\u00f1a: se descubre. A trav\u00e9s del proyecto <strong>La<\/strong> <strong>Po\u00e9tica del Color,<\/strong> nuestros ni\u00f1os exploran el mundo crom\u00e1tico desde el cuerpo, la emoci\u00f3n y la relaci\u00f3n, convirtiendo cada experiencia en una oportunidad de expresi\u00f3n y conexi\u00f3n.<\/p>\n\n\n\n<p>El color se vuelve lenguaje, juego y huella. Desde grandes papeles en el suelo donde los trazos cuentan historias, hasta mesas de luz que despiertan la curiosidad y la imaginaci\u00f3n, cada propuesta invita a los ni\u00f1os a dialogar con el entorno y con sus propios sentidos. No hay productos finales: hay procesos llenos de belleza, asombro y presencia.<\/p>\n\n\n\n<figure class=\"wp-block-gallery has-nested-images columns-default is-cropped wp-block-gallery-1 is-layout-flex wp-block-gallery-is-layout-flex\">\n<figure class=\"wp-block-image size-large\"><img decoding=\"async\" width=\"590\" height=\"442\" data-id=\"31399\" src=\"https:\/\/colegiobolivar.edu.co\/website\/wp-content\/uploads\/2025\/05\/Picture5.jpg\" alt=\"\" class=\"wp-image-31399\" srcset=\"https:\/\/www.colegiobolivar.edu.co\/website\/wp-content\/uploads\/2025\/05\/Picture5.jpg 590w, https:\/\/www.colegiobolivar.edu.co\/website\/wp-content\/uploads\/2025\/05\/Picture5-300x225.jpg 300w\" sizes=\"(max-width: 590px) 100vw, 590px\" \/><\/figure>\n\n\n\n<figure class=\"wp-block-image size-large\"><img decoding=\"async\" width=\"580\" height=\"435\" data-id=\"31400\" src=\"https:\/\/colegiobolivar.edu.co\/website\/wp-content\/uploads\/2025\/05\/Picture6-2.jpg\" alt=\"\" class=\"wp-image-31400\" srcset=\"https:\/\/www.colegiobolivar.edu.co\/website\/wp-content\/uploads\/2025\/05\/Picture6-2.jpg 580w, https:\/\/www.colegiobolivar.edu.co\/website\/wp-content\/uploads\/2025\/05\/Picture6-2-300x225.jpg 300w\" sizes=\"(max-width: 580px) 100vw, 580px\" \/><\/figure>\n\n\n\n<figure class=\"wp-block-image size-large\"><img loading=\"lazy\" decoding=\"async\" width=\"486\" height=\"398\" data-id=\"31401\" src=\"https:\/\/colegiobolivar.edu.co\/website\/wp-content\/uploads\/2025\/05\/Picture10.jpg\" alt=\"\" class=\"wp-image-31401\" srcset=\"https:\/\/www.colegiobolivar.edu.co\/website\/wp-content\/uploads\/2025\/05\/Picture10.jpg 486w, https:\/\/www.colegiobolivar.edu.co\/website\/wp-content\/uploads\/2025\/05\/Picture10-300x246.jpg 300w\" sizes=\"(max-width: 486px) 100vw, 486px\" \/><\/figure>\n<\/figure>\n\n\n\n<div style=\"height:20px\" aria-hidden=\"true\" class=\"wp-block-spacer\"><\/div>\n\n\n\n<p>Al respecto, <strong>Juan Esteban Maya<\/strong>, atelierista de El Nido, afirm\u00f3 que \u201cla experiencia con el color se convierte en un espacio de convivencia est\u00e9tica. Los ni\u00f1os aprenden a cuidar los materiales, a respetar el tiempo del otro y a moverse en un espacio compartido. Esto no se ense\u00f1a como norma externa, sino que se aprende desde la experiencia sensible. As\u00ed se gesta una primera noci\u00f3n de ciudadan\u00eda: la construcci\u00f3n de un lugar donde todos tienen voz y forma de estar.\u00bb<\/p>\n\n\n\n<figure class=\"wp-block-gallery has-nested-images columns-default is-cropped wp-block-gallery-2 is-layout-flex wp-block-gallery-is-layout-flex\">\n<figure class=\"wp-block-image size-large\"><img loading=\"lazy\" decoding=\"async\" width=\"808\" height=\"555\" data-id=\"31404\" src=\"https:\/\/colegiobolivar.edu.co\/website\/wp-content\/uploads\/2025\/05\/Picture8.jpg\" alt=\"\" class=\"wp-image-31404\" srcset=\"https:\/\/www.colegiobolivar.edu.co\/website\/wp-content\/uploads\/2025\/05\/Picture8.jpg 808w, https:\/\/www.colegiobolivar.edu.co\/website\/wp-content\/uploads\/2025\/05\/Picture8-300x206.jpg 300w, https:\/\/www.colegiobolivar.edu.co\/website\/wp-content\/uploads\/2025\/05\/Picture8-768x528.jpg 768w\" sizes=\"(max-width: 808px) 100vw, 808px\" \/><\/figure>\n\n\n\n<figure class=\"wp-block-image size-large\"><img loading=\"lazy\" decoding=\"async\" width=\"407\" height=\"416\" data-id=\"31402\" src=\"https:\/\/colegiobolivar.edu.co\/website\/wp-content\/uploads\/2025\/05\/Picture13.jpg\" alt=\"\" class=\"wp-image-31402\" srcset=\"https:\/\/www.colegiobolivar.edu.co\/website\/wp-content\/uploads\/2025\/05\/Picture13.jpg 407w, https:\/\/www.colegiobolivar.edu.co\/website\/wp-content\/uploads\/2025\/05\/Picture13-294x300.jpg 294w\" sizes=\"(max-width: 407px) 100vw, 407px\" \/><\/figure>\n\n\n\n<figure class=\"wp-block-image size-large\"><img loading=\"lazy\" decoding=\"async\" width=\"379\" height=\"432\" data-id=\"31403\" src=\"https:\/\/colegiobolivar.edu.co\/website\/wp-content\/uploads\/2025\/05\/Picture16.jpg\" alt=\"\" class=\"wp-image-31403\" srcset=\"https:\/\/www.colegiobolivar.edu.co\/website\/wp-content\/uploads\/2025\/05\/Picture16.jpg 379w, https:\/\/www.colegiobolivar.edu.co\/website\/wp-content\/uploads\/2025\/05\/Picture16-263x300.jpg 263w\" sizes=\"(max-width: 379px) 100vw, 379px\" \/><\/figure>\n<\/figure>\n\n\n\n<div style=\"height:20px\" aria-hidden=\"true\" class=\"wp-block-spacer\"><\/div>\n\n\n\n<p>Este proyecto celebra el arte como forma de conocimiento, donde lo est\u00e9tico, lo \u00e9tico y lo cognitivo se entrelazan con la sensibilidad de la infancia. <em>La Po\u00e9tica del Color<\/em> es, en esencia, una invitaci\u00f3n a habitar el mundo con todos los sentidos despiertos.<\/p>\n","protected":false},"excerpt":{"rendered":"<p>En el grupo de los Loritos de El Nido (2 a\u00f1os), el color no se ense\u00f1a: se descubre. A trav\u00e9s del proyecto La Po\u00e9tica del Color, nuestros ni\u00f1os exploran el mundo crom\u00e1tico desde el cuerpo, la emoci\u00f3n y la relaci\u00f3n, convirtiendo cada experiencia en una oportunidad de expresi\u00f3n y conexi\u00f3n. El color se vuelve lenguaje, [&hellip;]<\/p>\n","protected":false},"author":2,"featured_media":0,"comment_status":"closed","ping_status":"closed","sticky":false,"template":"","format":"standard","meta":{"_acf_changed":false,"footnotes":""},"categories":[9],"tags":[],"class_list":["post-31397","post","type-post","status-publish","format-standard","hentry","category-sin-categoria-es"],"acf":[],"_links":{"self":[{"href":"https:\/\/www.colegiobolivar.edu.co\/website\/wp-json\/wp\/v2\/posts\/31397","targetHints":{"allow":["GET"]}}],"collection":[{"href":"https:\/\/www.colegiobolivar.edu.co\/website\/wp-json\/wp\/v2\/posts"}],"about":[{"href":"https:\/\/www.colegiobolivar.edu.co\/website\/wp-json\/wp\/v2\/types\/post"}],"author":[{"embeddable":true,"href":"https:\/\/www.colegiobolivar.edu.co\/website\/wp-json\/wp\/v2\/users\/2"}],"replies":[{"embeddable":true,"href":"https:\/\/www.colegiobolivar.edu.co\/website\/wp-json\/wp\/v2\/comments?post=31397"}],"version-history":[{"count":0,"href":"https:\/\/www.colegiobolivar.edu.co\/website\/wp-json\/wp\/v2\/posts\/31397\/revisions"}],"wp:attachment":[{"href":"https:\/\/www.colegiobolivar.edu.co\/website\/wp-json\/wp\/v2\/media?parent=31397"}],"wp:term":[{"taxonomy":"category","embeddable":true,"href":"https:\/\/www.colegiobolivar.edu.co\/website\/wp-json\/wp\/v2\/categories?post=31397"},{"taxonomy":"post_tag","embeddable":true,"href":"https:\/\/www.colegiobolivar.edu.co\/website\/wp-json\/wp\/v2\/tags?post=31397"}],"curies":[{"name":"wp","href":"https:\/\/api.w.org\/{rel}","templated":true}]}}