{"id":31521,"date":"2025-05-29T07:57:37","date_gmt":"2025-05-29T12:57:37","guid":{"rendered":"https:\/\/www.colegiobolivar.edu.co\/website\/?p=31521"},"modified":"2025-05-29T07:57:37","modified_gmt":"2025-05-29T12:57:37","slug":"beatriz-trujillo-una-vida-dedicada-al-pensamiento-y-a-la-educacion","status":"publish","type":"post","link":"https:\/\/www.colegiobolivar.edu.co\/website\/es\/beatriz-trujillo-una-vida-dedicada-al-pensamiento-y-a-la-educacion\/","title":{"rendered":"Beatriz Trujillo, una vida dedicada al pensamiento y a la educaci\u00f3n"},"content":{"rendered":"\n<figure class=\"wp-block-image size-full is-resized\"><img fetchpriority=\"high\" decoding=\"async\" width=\"662\" height=\"301\" sizes=\"(max-width: 662px) 100vw, 662px\" src=\"https:\/\/colegiobolivar.edu.co\/website\/wp-content\/uploads\/2025\/05\/TRUJILLO-RESTREPO-BEATRIZ.png\" alt=\"\" class=\"wp-image-31532\" style=\"width:840px;height:auto\" srcset=\"https:\/\/www.colegiobolivar.edu.co\/website\/wp-content\/uploads\/2025\/05\/TRUJILLO-RESTREPO-BEATRIZ.png 662w, https:\/\/www.colegiobolivar.edu.co\/website\/wp-content\/uploads\/2025\/05\/TRUJILLO-RESTREPO-BEATRIZ-300x136.png 300w\" \/><\/figure>\n\n\n\n<div style=\"height:20px\" aria-hidden=\"true\" class=\"wp-block-spacer\"><\/div>\n\n\n\n<p>Beatriz Trujillo no ten\u00eda planeado que su destino estuviese ligado a la docencia. Su trayectoria acad\u00e9mica comenz\u00f3 con estudios de Filosof\u00eda en la Universidad del Valle, complementando con cursos de psicolog\u00eda, pues su intenci\u00f3n original era convertirse en fil\u00f3sofa para luego ser psic\u00f3loga. Sin embargo, el camino la llev\u00f3 a Bogot\u00e1, donde continu\u00f3 su formaci\u00f3n en la Pontificia Universidad Javeriana. All\u00ed, el amor la llam\u00f3 de regreso a Cali, donde termin\u00f3 estableciendo su vida profesional y familiar. De vuelta a su ciudad natal, encontr\u00f3 una oportunidad en la educaci\u00f3n que cambiar\u00eda su rumbo para siempre.<\/p>\n\n\n\n<p>Su primera experiencia en el aula fue casi algo accidental. Gloria Dom\u00ednguez de Leroy, rectora por aquel entonces del Liceo Benalc\u00e1zar, la invit\u00f3 a dar clases mientras a\u00fan era estudiante universitaria. Sin pensarlo, se enamor\u00f3 de la docencia, algo que la llevar\u00eda a transitar por diversas instituciones de Cali. Inici\u00f3 en el Colegio de la Presentaci\u00f3n, donde imparti\u00f3 filosof\u00eda y literatura, incluso ense\u00f1ando el cl\u00e1sico manual de urbanidad de Carre\u00f1o, un reto que asumi\u00f3 con disciplina. Luego pas\u00f3 por el Colegio La Colina y el Liceo Tacur\u00ed, y tambi\u00e9n dej\u00f3 su huella en la Universidad Javeriana, donde ense\u00f1\u00f3 por cinco a\u00f1os. Su experiencia no se limit\u00f3 a la ense\u00f1anza escolar y universitaria; trabaj\u00f3 en el Instituto Colombiano de Bienestar Familiar, liderando programas de formaci\u00f3n para madres comunitarias y supervisando hogares de bienestar en todo el Valle del Cauca. Este trabajo, aunque enriquecedor, implicaba viajes constantes, lo que eventualmente la llev\u00f3 a regresar a la educaci\u00f3n formal.<\/p>\n\n\n\n<p>El Colegio Bol\u00edvar se convirti\u00f3 en su hogar profesional durante los \u00faltimos 22 a\u00f1os. Lleg\u00f3 inicialmente para ense\u00f1ar geograf\u00eda econ\u00f3mica, un desaf\u00edo algo inesperado que inici\u00f3 con curiosidad, aprendiendo sobre la marcha y preparando cada clase con dedicaci\u00f3n. Al a\u00f1o siguiente obtuvo su plaza como docente de filosof\u00eda, donde encontr\u00f3 su verdadera vocaci\u00f3n. A lo largo de su carrera, ha combinado su formaci\u00f3n en filosof\u00eda, psicolog\u00eda y coaching ontol\u00f3gico para guiar y acompa\u00f1ar tanto a sus estudiantes como a las familias. Con una especializaci\u00f3n en \u00e9tica y Derechos Humanos, as\u00ed como una maestr\u00eda en filosof\u00eda pol\u00edtica, su ense\u00f1anza ha trascendido los salones, fomentando el pensamiento cr\u00edtico y la reflexi\u00f3n en sus alumnos.<\/p>\n\n\n\n<p>Para ella, el Bol\u00edvar ha sido \u201cun recreo para el esp\u00edritu\u201d, un espacio donde ha podido compartir con colegas de alta calidad acad\u00e9mica y humana, adem\u00e1s de con estudiantes \u00e1vidos de conocimiento. Valora la autonom\u00eda que la instituci\u00f3n otorga a sus docentes y la estructura acad\u00e9mica s\u00f3lida que ha permitido que generaciones de estudiantes salgan bien preparados. Recuerda con cari\u00f1o c\u00f3mo sus propios hijos, quienes estudiaban en el Colegio Jefferson, tomaron la decisi\u00f3n de trasladarse al Bol\u00edvar, donde florecieron acad\u00e9mica y personalmente.<\/p>\n\n\n\n<p>Ahora, tras m\u00e1s de dos d\u00e9cadas en el Colegio Bol\u00edvar, Beatriz se prepara para cerrar este cap\u00edtulo y dedicarse al coaching personal, un \u00e1rea que le apasiona y en la que planea continuar su legado de acompa\u00f1amiento y formaci\u00f3n. Su despedida no es un adi\u00f3s, sino una transici\u00f3n hacia nuevas formas de educar y transformar vidas, como lo ha hecho a lo largo de su inspiradora carrera. M\u00e1s que jubilarse, ve esta nueva etapa como una oportunidad para seguir ejerciendo vocaci\u00f3n desde otra perspectiva, ayudando a individuos y familias a enfrentar sus propios desaf\u00edos con la sabidur\u00eda que ha cultivado a lo largo de su vida.<\/p>\n","protected":false},"excerpt":{"rendered":"<p>Beatriz Trujillo no ten\u00eda planeado que su destino estuviese ligado a la docencia. Su trayectoria acad\u00e9mica comenz\u00f3 con estudios de Filosof\u00eda en la Universidad del Valle, complementando con cursos de psicolog\u00eda, pues su intenci\u00f3n original era convertirse en fil\u00f3sofa para luego ser psic\u00f3loga. Sin embargo, el camino la llev\u00f3 a Bogot\u00e1, donde continu\u00f3 su formaci\u00f3n [&hellip;]<\/p>\n","protected":false},"author":2,"featured_media":0,"comment_status":"closed","ping_status":"closed","sticky":false,"template":"","format":"standard","meta":{"_acf_changed":false,"footnotes":""},"categories":[9],"tags":[],"class_list":["post-31521","post","type-post","status-publish","format-standard","hentry","category-sin-categoria-es"],"acf":[],"_links":{"self":[{"href":"https:\/\/www.colegiobolivar.edu.co\/website\/wp-json\/wp\/v2\/posts\/31521","targetHints":{"allow":["GET"]}}],"collection":[{"href":"https:\/\/www.colegiobolivar.edu.co\/website\/wp-json\/wp\/v2\/posts"}],"about":[{"href":"https:\/\/www.colegiobolivar.edu.co\/website\/wp-json\/wp\/v2\/types\/post"}],"author":[{"embeddable":true,"href":"https:\/\/www.colegiobolivar.edu.co\/website\/wp-json\/wp\/v2\/users\/2"}],"replies":[{"embeddable":true,"href":"https:\/\/www.colegiobolivar.edu.co\/website\/wp-json\/wp\/v2\/comments?post=31521"}],"version-history":[{"count":0,"href":"https:\/\/www.colegiobolivar.edu.co\/website\/wp-json\/wp\/v2\/posts\/31521\/revisions"}],"wp:attachment":[{"href":"https:\/\/www.colegiobolivar.edu.co\/website\/wp-json\/wp\/v2\/media?parent=31521"}],"wp:term":[{"taxonomy":"category","embeddable":true,"href":"https:\/\/www.colegiobolivar.edu.co\/website\/wp-json\/wp\/v2\/categories?post=31521"},{"taxonomy":"post_tag","embeddable":true,"href":"https:\/\/www.colegiobolivar.edu.co\/website\/wp-json\/wp\/v2\/tags?post=31521"}],"curies":[{"name":"wp","href":"https:\/\/api.w.org\/{rel}","templated":true}]}}