{"id":34590,"date":"2025-10-16T17:54:26","date_gmt":"2025-10-16T17:54:26","guid":{"rendered":"https:\/\/colegiobolivar.edu.co\/website\/index.php\/2025\/10\/16\/proyecto-forma-futuro-empoderando-a-nuestros-estudiantes-para-el-servicio-social\/"},"modified":"2025-10-16T17:54:26","modified_gmt":"2025-10-16T17:54:26","slug":"proyecto-forma-futuro-empoderando-a-nuestros-estudiantes-para-el-servicio-social","status":"publish","type":"post","link":"https:\/\/www.colegiobolivar.edu.co\/website\/proyecto-forma-futuro-empoderando-a-nuestros-estudiantes-para-el-servicio-social\/","title":{"rendered":"Proyecto \u00abForma Futuro\u00bb: Empoderando a nuestros estudiantes para el Servicio Social"},"content":{"rendered":"\n<p>El proyecto \u00abForma Futuro\u00bb del Colegio Bol\u00edvar se estableci\u00f3 para cultivar los intereses de los estudiantes en diversos campos del conocimiento a trav\u00e9s de actividades innovadoras y reflexivas, brind\u00e1ndoles exposici\u00f3n a diversas realidades y comunidades dentro de su entorno. Durante varios a\u00f1os, el proyecto ha forjado una asociaci\u00f3n con la Instituci\u00f3n Educativa Pance, un \u00e1rea rural vecina del Colegio Bol\u00edvar, que enfrenta desaf\u00edos como la escasez de personal para la educaci\u00f3n deportiva, art\u00edstica y ambiental, as\u00ed como infraestructura inadecuada y pocos recursos debido al insuficiente apoyo estatal e inversi\u00f3n social.<\/p>\n\n\n\n<p>El enfoque principal de este proyecto es mejorar la calidad educativa para los estudiantes de la Instituci\u00f3n Educativa Pance. Comprende programas que abarcan educaci\u00f3n art\u00edstica y ambiental, promoci\u00f3n de h\u00e1bitos nutricionales saludables, clases de nataci\u00f3n, orientaci\u00f3n vocacional, atenci\u00f3n de salud mental e instrucci\u00f3n en ingl\u00e9s.<\/p>\n\n\n\n<p>Actualmente, la colaboraci\u00f3n con la Instituci\u00f3n Educativa Pance est\u00e1 integrada en el programa Global Issues Networks (GIN), que consta de tres l\u00edneas principales de acci\u00f3n:<\/p>\n\n\n\n<h2 class=\"wp-block-heading\"><strong>Apoyo para la preparaci\u00f3n de la Prueba Saber 11\u00b0<\/strong><\/h2>\n\n\n\n<p>Estudiantes y profesores voluntarios del Colegio Bol\u00edvar participan en sesiones de refuerzo acad\u00e9mico para ayudar a los estudiantes de grado 11 de la Instituci\u00f3n Educativa Pance a prepararse para la prueba Saber 11\u00b0. Este esfuerzo colaborativo tiene como objetivo mejorar el rendimiento en la prueba y aumentar las oportunidades universitarias para estos estudiantes.<\/p>\n\n\n\n<p>Los 10 estudiantes voluntarios planifican, programan y gestionan toda la log\u00edstica necesaria para llevar a cabo las sesiones de refuerzo acad\u00e9mico y tambi\u00e9n coordinan la adquisici\u00f3n de donaciones de materiales educativos.<\/p>\n\n\n\n<p>Los profesores tienen el respaldo del Colegio para donar parte de su tiempo; hasta ahora, se han realizado 50 horas de refuerzo acad\u00e9mico, tres simulacros de prueba Saber y sesiones de tutor\u00eda para mejorar los temas relacionados con la prueba. Esto ha permitido a la instituci\u00f3n educativa mejorar su desempe\u00f1o en la prueba Saber, beneficiando a 30 estudiantes.<\/p>\n\n\n\n<figure class=\"wp-block-gallery has-nested-images columns-default is-cropped wp-block-gallery-1 is-layout-flex wp-block-gallery-is-layout-flex\">\n<figure class=\"wp-block-image size-large\"><img decoding=\"async\" data-id=\"21280\" src=\"https:\/\/www.colegiobolivar.edu.co\/website\/wp-content\/uploads\/2024\/04\/1696336835706-1024x768.jpg\" alt=\"\" class=\"wp-image-21280\"\/><\/figure>\n\n\n\n<figure class=\"wp-block-image size-large\"><img decoding=\"async\" data-id=\"21281\" src=\"https:\/\/www.colegiobolivar.edu.co\/website\/wp-content\/uploads\/2024\/04\/1696336835725-1024x768.jpg\" alt=\"\" class=\"wp-image-21281\"\/><\/figure>\n<\/figure>\n\n\n\n<div style=\"height:29px\" aria-hidden=\"true\" class=\"wp-block-spacer\"><\/div>\n\n\n\n<h2 class=\"wp-block-heading\"><strong>Espacios para el aprendizaje y la colaboraci\u00f3n<\/strong><\/h2>\n\n\n\n<p>Como parte de su servicio social obligatorio, a trav\u00e9s del programa Modelo de Naciones Unidas, estudiantes de noveno grado del Colegio Bol\u00edvar interact\u00faan con sus hom\u00f3logos en la Instituci\u00f3n Educativa Pance, participando en debates que simulan discusiones reales de las Naciones Unidas. Esta iniciativa fomenta el desarrollo de habilidades cr\u00edticas como argumentaci\u00f3n, investigaci\u00f3n, negociaci\u00f3n y persuasi\u00f3n.<\/p>\n\n\n\n<p>Se llevan a cabo ocho reuniones cada a\u00f1o, con la participaci\u00f3n de 40 estudiantes (20 de cada instituci\u00f3n), culminando en una representaci\u00f3n de la ONU donde los j\u00f3venes discuten conflictos econ\u00f3micos, sociales, culturales y pol\u00edticos y buscan posibles soluciones a trav\u00e9s del di\u00e1logo.<\/p>\n\n\n\n<h2 class=\"wp-block-heading\"><strong>Promoci\u00f3n de espacios educativos de calidad<\/strong><\/h2>\n\n\n\n<p>Estudiantes de d\u00e9cimo grado del programa GIN trabajan para mejorar la infraestructura f\u00edsica de la Instituci\u00f3n Educativa Pance, centr\u00e1ndose en la renovaci\u00f3n de parques infantiles y campos deportivos. A trav\u00e9s de actividades de recaudaci\u00f3n de fondos y la participaci\u00f3n comunitaria, estos estudiantes tienen como objetivo crear entornos m\u00e1s seguros y favorables para actividades recreativas y educativas.<\/p>\n\n\n\n<p>Hasta ahora, nuestros estudiantes han llevado a cabo diversas actividades para recaudar recursos para reparar estos espacios, haci\u00e9ndolos m\u00e1s seguros para actividades recreativas y deportivas. Hasta el momento, los j\u00f3venes del programa GIN han logrado recaudar fondos de empresas privadas y donaciones de nuestra Comunidad Educativa, a trav\u00e9s de eventos como el Bolivar Day, la Carrera Verde 5K y el Farmers Market.<\/p>\n\n\n\n<figure class=\"wp-block-gallery has-nested-images columns-default is-cropped wp-block-gallery-2 is-layout-flex wp-block-gallery-is-layout-flex\">\n<figure class=\"wp-block-image size-large\"><img decoding=\"async\" data-id=\"21283\" src=\"https:\/\/www.colegiobolivar.edu.co\/website\/wp-content\/uploads\/2024\/04\/1696336835753-1024x768.jpg\" alt=\"\" class=\"wp-image-21283\"\/><\/figure>\n\n\n\n<figure class=\"wp-block-image size-large\"><img decoding=\"async\" data-id=\"21282\" src=\"https:\/\/www.colegiobolivar.edu.co\/website\/wp-content\/uploads\/2024\/04\/1708954438071-1024x578.jpg\" alt=\"\" class=\"wp-image-21282\"\/><\/figure>\n<\/figure>\n\n\n\n<div style=\"height:29px\" aria-hidden=\"true\" class=\"wp-block-spacer\"><\/div>\n\n\n\n<div class=\"wp-block-group has-light-gray-background-color has-background is-layout-flow wp-block-group-is-layout-flow\">\n<p><\/p>\n\n\n\n<h4 class=\"wp-block-heading has-text-align-center my-1 has-gray-color has-text-color\">\u201cMe ha parecido muy lindo poder aportar a un cambio en el espacio educativo de los ni\u00f1os y que ellos reaccionaran de una manera tan positiva y siento que es un peque\u00f1o paso que estoy dando para hacer cambios significativos y luego aportar a comunidades m\u00e1s grandes (\u2026) Para la recaudaci\u00f3n de fondos es muy importante tener ideas creativas, para que se vendan. Al principio es dif\u00edcil y no se recauda lo suficiente pero siempre hay m\u00e1s oportunidades. La clave es ponerle esfuerzo\u201d<\/h4>\n\n\n\n<p class=\"has-text-align-center has-bolivar-orange-color has-text-color has-small-font-size\"><strong>Emilia Losada, Grado 10, integrante de GIN.<\/strong><\/p>\n<\/div>\n\n\n\n<div style=\"height:29px\" aria-hidden=\"true\" class=\"wp-block-spacer\"><\/div>\n\n\n\n<p>Del mismo modo, estos estudiantes han establecido una conexi\u00f3n especial a trav\u00e9s del f\u00fatbol, sirviendo como punto de encuentro para abordar cuestiones como el juego limpio, el trabajo en equipo, la solidaridad y la inclusi\u00f3n de g\u00e9nero al fomentar la participaci\u00f3n equitativa de ni\u00f1as y ni\u00f1os.<\/p>\n\n\n\n<p>Adem\u00e1s, los estudiantes involucrados en el programa GIN facilitan espacios dentro de la instituci\u00f3n para optimizar la organizaci\u00f3n y distribuci\u00f3n de materiales de clase. Adem\u00e1s, otro grupo trabaja con sus contrapartes rurales en pr\u00e1cticas relacionadas con las ciencias naturales, las artes y el desarrollo socioemocional, combinando estrategias acad\u00e9micas y art\u00edsticas como el dise\u00f1o de mapas de ecosistemas regionales. Vale la pena mencionar que los ni\u00f1os de la escuela rural que participan en estas actividades lo hacen de forma voluntaria, ya que implica tiempo extracurricular en la escuela.<\/p>\n\n\n\n<div class=\"wp-block-group has-light-gray-background-color has-background is-layout-flow wp-block-group-is-layout-flow\">\n<p><\/p>\n\n\n\n<h4 class=\"wp-block-heading has-text-align-center my-1 has-gray-color has-text-color\">\u201cMe ha gustado bastante este proyecto, relacionarme con los ni\u00f1os y estar con ellos. Me parece muy importante ayudar a que tengan un mejor espacio educativo para que estudien y la pasen bien. Creo que esto me puede ayudar en el futuro porque he aprendido sobre c\u00f3mo hacer servicio social\u201d.<\/h4>\n\n\n\n<p class=\"has-text-align-center has-bolivar-orange-color has-text-color has-small-font-size\"><strong>I\u00f1aki Guti\u00e9rrez, GIN, Grado 10, integrante de GIN.<\/strong><\/p>\n<\/div>\n\n\n\n<div style=\"height:29px\" aria-hidden=\"true\" class=\"wp-block-spacer\"><\/div>\n\n\n\n<p>Como antecedente, durante la pandemia, se implementaron dos enfoques diferentes dentro del proyecto. El primero, conocido como \u00abSerena-Mente\u00bb, se centr\u00f3 en la salud mental, ofreciendo a los j\u00f3venes participantes una serie de actividades dise\u00f1adas para explorar y aplicar estrategias para mejorar las relaciones con sus compa\u00f1eros y consigo mismos.<\/p>\n\n\n\n<p>El segundo enfoque, llamado \u00abAprendiendo Juntos\u00bb, estableci\u00f3 un club de ingl\u00e9s con el objetivo de cultivar el inter\u00e9s y el placer por aprender el idioma a trav\u00e9s de un enfoque interactivo y conversacional. Esto tambi\u00e9n tuvo como objetivo crear espacios de aprendizaje colaborativo e intercambio cultural para promover el desarrollo integral de los participantes.<\/p>\n\n\n\n<figure class=\"wp-block-gallery has-nested-images columns-default is-cropped wp-block-gallery-3 is-layout-flex wp-block-gallery-is-layout-flex\">\n<figure class=\"wp-block-image size-large\"><img decoding=\"async\" data-id=\"21285\" src=\"https:\/\/www.colegiobolivar.edu.co\/website\/wp-content\/uploads\/2024\/04\/1709572245616-1024x578.jpg\" alt=\"\" class=\"wp-image-21285\"\/><\/figure>\n\n\n\n<figure class=\"wp-block-image size-large\"><img decoding=\"async\" data-id=\"21284\" src=\"https:\/\/www.colegiobolivar.edu.co\/website\/wp-content\/uploads\/2024\/04\/1709572245632-1024x578.jpg\" alt=\"\" class=\"wp-image-21284\"\/><\/figure>\n<\/figure>\n\n\n\n<div style=\"height:29px\" aria-hidden=\"true\" class=\"wp-block-spacer\"><\/div>\n\n\n\n<p>Cada a\u00f1o, estudiantes de Colegio Bol\u00edvar de diferentes grados (de 4\u00b0 a 10\u00b0) contribuyen a estas iniciativas, aline\u00e1ndose con los intereses de aprendizaje de la comunidad. Se realizan evaluaciones regulares para medir los niveles de satisfacci\u00f3n y recopilar comentarios, tanto de profesores como de estudiantes de la Instituci\u00f3n Educativa Pance.<\/p>\n\n\n\n<p>En resumen, el proyecto \u00abForma Futuro\u00bb tiene como objetivo equipar a los estudiantes con las habilidades y la mentalidad para convertirse en l\u00edderes proactivos, comprendiendo sus responsabilidades sociales y contribuyendo activamente a sus comunidades y a la sociedad global.<\/p>\n\n\n\n<hr class=\"wp-block-separator has-alpha-channel-opacity\"\/>\n\n\n\n<p>Para obtener m\u00e1s informaci\u00f3n, comun\u00edquese con <strong><a href=\"mailto:jegomez@colegiobolivar.edu.co\">Jessica G\u00f3mez<\/a>, l\u00edder de sustentabilidad.<\/strong><\/p>\n","protected":false},"excerpt":{"rendered":"<p>El proyecto \u00abForma Futuro\u00bb del Colegio Bol\u00edvar se estableci\u00f3 para cultivar los intereses de los estudiantes en diversos campos del conocimiento a trav\u00e9s de actividades innovadoras y reflexivas, brind\u00e1ndoles exposici\u00f3n a diversas realidades y comunidades dentro de su entorno. Durante varios a\u00f1os, el proyecto ha forjado una asociaci\u00f3n con la Instituci\u00f3n Educativa Pance, un \u00e1rea [&hellip;]<\/p>\n","protected":false},"author":1,"featured_media":0,"comment_status":"open","ping_status":"open","sticky":false,"template":"","format":"standard","meta":{"_acf_changed":false,"footnotes":""},"categories":[1],"tags":[],"class_list":["post-34590","post","type-post","status-publish","format-standard","hentry","category-uncategorized"],"acf":[],"_links":{"self":[{"href":"https:\/\/www.colegiobolivar.edu.co\/website\/wp-json\/wp\/v2\/posts\/34590","targetHints":{"allow":["GET"]}}],"collection":[{"href":"https:\/\/www.colegiobolivar.edu.co\/website\/wp-json\/wp\/v2\/posts"}],"about":[{"href":"https:\/\/www.colegiobolivar.edu.co\/website\/wp-json\/wp\/v2\/types\/post"}],"author":[{"embeddable":true,"href":"https:\/\/www.colegiobolivar.edu.co\/website\/wp-json\/wp\/v2\/users\/1"}],"replies":[{"embeddable":true,"href":"https:\/\/www.colegiobolivar.edu.co\/website\/wp-json\/wp\/v2\/comments?post=34590"}],"version-history":[{"count":0,"href":"https:\/\/www.colegiobolivar.edu.co\/website\/wp-json\/wp\/v2\/posts\/34590\/revisions"}],"wp:attachment":[{"href":"https:\/\/www.colegiobolivar.edu.co\/website\/wp-json\/wp\/v2\/media?parent=34590"}],"wp:term":[{"taxonomy":"category","embeddable":true,"href":"https:\/\/www.colegiobolivar.edu.co\/website\/wp-json\/wp\/v2\/categories?post=34590"},{"taxonomy":"post_tag","embeddable":true,"href":"https:\/\/www.colegiobolivar.edu.co\/website\/wp-json\/wp\/v2\/tags?post=34590"}],"curies":[{"name":"wp","href":"https:\/\/api.w.org\/{rel}","templated":true}]}}