{"id":34596,"date":"2025-10-16T17:54:26","date_gmt":"2025-10-16T17:54:26","guid":{"rendered":"https:\/\/colegiobolivar.edu.co\/website\/index.php\/2025\/10\/16\/sintoniza-el-espectaculo-del-ano-on-air-the-concert\/"},"modified":"2025-10-16T17:54:26","modified_gmt":"2025-10-16T17:54:26","slug":"sintoniza-el-espectaculo-del-ano-on-air-the-concert","status":"publish","type":"post","link":"https:\/\/www.colegiobolivar.edu.co\/website\/sintoniza-el-espectaculo-del-ano-on-air-the-concert\/","title":{"rendered":"\u00a1Sintoniza el espect\u00e1culo del a\u00f1o: ON AIR The Concert!"},"content":{"rendered":"\n<p><strong>\u00a1Prep\u00e1rate para vivir una experiencia \u00fanica<\/strong>! Este a\u00f1o, el <strong>departamento de Artes del Colegio Bol\u00edvar presenta con orgullo&#8230; \u00a1ON AIR The Concert! Del\u00e9itate con el talento desbordante de nuestros estudiantes en m\u00fasica, danza y teatro musical. Ser\u00e1 una velada inolvidable llena de emociones y sorpresas.<\/strong><\/p>\n\n\n\n<p><strong>Marca en tu calendario las fechas: 23 y 24<\/strong> <strong>a las 7:00 pm y <\/strong><strong>25 de mayo a las 6:00 p.m. en el auditorio Swall. \u00a1No te lo puedes perder!<\/strong><\/p>\n\n\n\n<p>Desde los m\u00e1s peque\u00f1os hasta los mayores, toda la Comunidad Bol\u00edvar est\u00e1 invitada a sumergirse en este espect\u00e1culo inigualable. Con coreograf\u00edas impactantes, interpretaciones vocales e instrumentales de otro nivel y una producci\u00f3n de primera clase, <strong>ON AIR The Concert te transportar\u00e1 a trav\u00e9s de g\u00e9neros musicales que te har\u00e1n vibrar.<\/strong><\/p>\n\n\n\n<p>En ON AIR The Concert <strong>participar\u00e1n estudiantes de tres secciones acad\u00e9micas: Primaria, Middle y High School <\/strong>que han preparado sus coreograf\u00edas y sus interpretaciones vocales e instrumentales para brindarnos un viaje art\u00edstico por diversos g\u00e9neros musicales, en donde la magia de la radio nos transportar\u00e1 a diferentes momentos y lugares.<\/p>\n\n\n\n<p>\u00a1\u00danete y apoya nuestro talento Bol\u00edvar! Adquiere tus entradas ahora y mantente atento a nuevas actualizaciones sobre este evento imperdible. \u00a1Te esperamos para vivir juntos un concierto lleno de creatividad en ON AIR The Concert!<\/p>\n\n\n\n<div class=\"wp-block-buttons is-layout-flex wp-block-buttons-is-layout-flex\">\n<div class=\"wp-block-button\"><a class=\"wp-block-button__link wp-element-button\" href=\"https:\/\/www.eventrid.com.co\/eventos\/colegiobolivar\/onairtheconcert2024\">\u00a1Adquiere tus boletas!  <\/a><\/div>\n<\/div>\n\n\n\n<p><\/p>\n","protected":false},"excerpt":{"rendered":"<p>\u00a1Prep\u00e1rate para vivir una experiencia \u00fanica! Este a\u00f1o, el departamento de Artes del Colegio Bol\u00edvar presenta con orgullo&#8230; \u00a1ON AIR The Concert! Del\u00e9itate con el talento desbordante de nuestros estudiantes en m\u00fasica, danza y teatro musical. Ser\u00e1 una velada inolvidable llena de emociones y sorpresas. Marca en tu calendario las fechas: 23 y 24 a [&hellip;]<\/p>\n","protected":false},"author":1,"featured_media":0,"comment_status":"open","ping_status":"open","sticky":false,"template":"","format":"standard","meta":{"_acf_changed":false,"footnotes":""},"categories":[1],"tags":[],"class_list":["post-34596","post","type-post","status-publish","format-standard","hentry","category-uncategorized"],"acf":[],"_links":{"self":[{"href":"https:\/\/www.colegiobolivar.edu.co\/website\/wp-json\/wp\/v2\/posts\/34596","targetHints":{"allow":["GET"]}}],"collection":[{"href":"https:\/\/www.colegiobolivar.edu.co\/website\/wp-json\/wp\/v2\/posts"}],"about":[{"href":"https:\/\/www.colegiobolivar.edu.co\/website\/wp-json\/wp\/v2\/types\/post"}],"author":[{"embeddable":true,"href":"https:\/\/www.colegiobolivar.edu.co\/website\/wp-json\/wp\/v2\/users\/1"}],"replies":[{"embeddable":true,"href":"https:\/\/www.colegiobolivar.edu.co\/website\/wp-json\/wp\/v2\/comments?post=34596"}],"version-history":[{"count":0,"href":"https:\/\/www.colegiobolivar.edu.co\/website\/wp-json\/wp\/v2\/posts\/34596\/revisions"}],"wp:attachment":[{"href":"https:\/\/www.colegiobolivar.edu.co\/website\/wp-json\/wp\/v2\/media?parent=34596"}],"wp:term":[{"taxonomy":"category","embeddable":true,"href":"https:\/\/www.colegiobolivar.edu.co\/website\/wp-json\/wp\/v2\/categories?post=34596"},{"taxonomy":"post_tag","embeddable":true,"href":"https:\/\/www.colegiobolivar.edu.co\/website\/wp-json\/wp\/v2\/tags?post=34596"}],"curies":[{"name":"wp","href":"https:\/\/api.w.org\/{rel}","templated":true}]}}