{"id":34607,"date":"2025-10-16T17:54:30","date_gmt":"2025-10-16T17:54:30","guid":{"rendered":"https:\/\/colegiobolivar.edu.co\/website\/index.php\/2025\/10\/16\/en-junio-exploramos-el-valor-de-la-diversidad\/"},"modified":"2025-10-16T17:54:30","modified_gmt":"2025-10-16T17:54:30","slug":"en-junio-exploramos-el-valor-de-la-diversidad","status":"publish","type":"post","link":"https:\/\/www.colegiobolivar.edu.co\/website\/en-junio-exploramos-el-valor-de-la-diversidad\/","title":{"rendered":"En junio exploramos el valor de la Diversidad\u00a0"},"content":{"rendered":"\n<figure class=\"wp-block-image alignleft size-large is-resized\"><img decoding=\"async\" src=\"https:\/\/www.colegiobolivar.edu.co\/website\/wp-content\/uploads\/2024\/05\/image-576x1024.png\" alt=\"\" class=\"wp-image-21730\" style=\"width:263px;height:auto\"\/><\/figure>\n\n\n\n<p>En junio, celebraremos el Mes de la Diversidad, una iniciativa que busca resaltar y promover la riqueza \u00e9tnica, cultural, funcional y ling\u00fc\u00edstica de nuestras sociedades modernas.<\/p>\n\n\n\n<p>Durante este mes, se llevar\u00e1n a cabo diversas actividades que fomentar\u00e1n la reflexi\u00f3n y el entendimiento sobre el valor de la diversidad. La Biblioteca Martin Felton servir\u00e1 de sede de diversas propuestas, dise\u00f1adas para invitar a la comunidad escolar a valorar y respetar las diferencias que nos enriquecen.<\/p>\n\n\n\n<p>La celebraci\u00f3n del Mes de la Diversidad es una oportunidad \u00fanica para construir un entorno inclusivo y respetuoso, donde el aprendizaje y el crecimiento se nutren de la pluralidad de voces y experiencias. Est\u00e9 atento a la agenda que se ir\u00e1 actualizando a trav\u00e9s de la p\u00e1gina web y las redes sociales del Colegio.<\/p>\n\n\n\n<p>Toda la comunidad Bol\u00edvar est\u00e1 invitada a participar activamente en estas actividades, y a celebrar juntos la diversidad que nos define.<\/p>\n","protected":false},"excerpt":{"rendered":"<p>En junio, celebraremos el Mes de la Diversidad, una iniciativa que busca resaltar y promover la riqueza \u00e9tnica, cultural, funcional y ling\u00fc\u00edstica de nuestras sociedades modernas. Durante este mes, se llevar\u00e1n a cabo diversas actividades que fomentar\u00e1n la reflexi\u00f3n y el entendimiento sobre el valor de la diversidad. La Biblioteca Martin Felton servir\u00e1 de sede [&hellip;]<\/p>\n","protected":false},"author":1,"featured_media":0,"comment_status":"open","ping_status":"open","sticky":false,"template":"","format":"standard","meta":{"_acf_changed":false,"footnotes":""},"categories":[1],"tags":[],"class_list":["post-34607","post","type-post","status-publish","format-standard","hentry","category-uncategorized"],"acf":[],"_links":{"self":[{"href":"https:\/\/www.colegiobolivar.edu.co\/website\/wp-json\/wp\/v2\/posts\/34607","targetHints":{"allow":["GET"]}}],"collection":[{"href":"https:\/\/www.colegiobolivar.edu.co\/website\/wp-json\/wp\/v2\/posts"}],"about":[{"href":"https:\/\/www.colegiobolivar.edu.co\/website\/wp-json\/wp\/v2\/types\/post"}],"author":[{"embeddable":true,"href":"https:\/\/www.colegiobolivar.edu.co\/website\/wp-json\/wp\/v2\/users\/1"}],"replies":[{"embeddable":true,"href":"https:\/\/www.colegiobolivar.edu.co\/website\/wp-json\/wp\/v2\/comments?post=34607"}],"version-history":[{"count":0,"href":"https:\/\/www.colegiobolivar.edu.co\/website\/wp-json\/wp\/v2\/posts\/34607\/revisions"}],"wp:attachment":[{"href":"https:\/\/www.colegiobolivar.edu.co\/website\/wp-json\/wp\/v2\/media?parent=34607"}],"wp:term":[{"taxonomy":"category","embeddable":true,"href":"https:\/\/www.colegiobolivar.edu.co\/website\/wp-json\/wp\/v2\/categories?post=34607"},{"taxonomy":"post_tag","embeddable":true,"href":"https:\/\/www.colegiobolivar.edu.co\/website\/wp-json\/wp\/v2\/tags?post=34607"}],"curies":[{"name":"wp","href":"https:\/\/api.w.org\/{rel}","templated":true}]}}