{"id":34656,"date":"2025-10-16T17:54:38","date_gmt":"2025-10-16T17:54:38","guid":{"rendered":"https:\/\/colegiobolivar.edu.co\/website\/index.php\/2025\/10\/16\/avances-del-plan-estrategico-2022-2025-del-colegio-bolivar\/"},"modified":"2025-10-16T17:54:38","modified_gmt":"2025-10-16T17:54:38","slug":"avances-del-plan-estrategico-2022-2025-del-colegio-bolivar","status":"publish","type":"post","link":"https:\/\/www.colegiobolivar.edu.co\/website\/avances-del-plan-estrategico-2022-2025-del-colegio-bolivar\/","title":{"rendered":"Avances del Plan Estrat\u00e9gico 2022-2025 del Colegio Bol\u00edvar"},"content":{"rendered":"\n<p>El Colegio Bol\u00edvar ha realizado significativos progresos en su Plan Estrat\u00e9gico 2022-2025, centrado en cuatro prop\u00f3sitos estrat\u00e9gicos: <strong>Bienestar, Excelencia Personal, Innovaci\u00f3n y Sostenibilidad. <\/strong>A continuaci\u00f3n, se detallan las actividades realizadas y los equipos involucrados en cada uno de estos prop\u00f3sitos en el per\u00edodo 2023-2024.<\/p>\n\n\n\n<div class=\"wp-block-cover is-light\" style=\"min-height:378px;aspect-ratio:unset;\"><span aria-hidden=\"true\" class=\"wp-block-cover__background has-white-background-color has-background-dim-100 has-background-dim\"><\/span><div class=\"wp-block-cover__inner-container is-layout-constrained wp-block-cover-is-layout-constrained\">\n<div class=\"wp-block-group is-nowrap is-layout-flex wp-container-core-group-is-layout-6c531013 wp-block-group-is-layout-flex\">\n<figure class=\"wp-block-image size-full\"><img decoding=\"async\" src=\"https:\/\/www.colegiobolivar.edu.co\/website\/wp-content\/uploads\/2024\/09\/Bienestar.jpg\" alt=\"\" class=\"wp-image-22830\"\/><\/figure>\n\n\n\n<p class=\"has-text-align-center has-text-color has-link-color has-large-font-size wp-elements-425c45e64fc773a455a2c3fd0d716a9b\" style=\"color:#733b8c\"><strong>Bienestar<\/strong><\/p>\n<\/div>\n\n\n\n<p>El objetivo de este prop\u00f3sito es fomentar una cultura organizacional de bienestar socioemocional, diversidad, equidad e inclusi\u00f3n.<\/p>\n\n\n\n<figure class=\"wp-block-embed is-type-video is-provider-youtube wp-block-embed-youtube wp-embed-aspect-16-9 wp-has-aspect-ratio\"><div class=\"wp-block-embed__wrapper\">\n<iframe title=\"Prop\u00f3sito de Bienestar\" width=\"800\" height=\"450\" src=\"https:\/\/www.youtube.com\/embed\/wBlgnrHR72U?feature=oembed\" frameborder=\"0\" allow=\"accelerometer; autoplay; clipboard-write; encrypted-media; gyroscope; picture-in-picture; web-share\" referrerpolicy=\"strict-origin-when-cross-origin\" allowfullscreen><\/iframe>\n<\/div><\/figure>\n<\/div><\/div>\n\n\n\n<p><strong>Actividades Realizadas:<\/strong><\/p>\n\n\n\n<ol class=\"wp-block-list\">\n<li><strong>Revisi\u00f3n y Actualizaci\u00f3n de Documentos: <\/strong>Se revisaron y actualizaron documentos institucionales como el Manual de Convivencia y el Manual de Protecci\u00f3n al Menor. Tambi\u00e9n se desarrollaron gu\u00edas para abordar situaciones que afectan la convivencia escolar, considerando la ley y el Manual de Convivencia.<br><\/li>\n\n\n\n<li><strong>Semana de la Salud:<\/strong> Llevada a cabo del 27 al 31 de mayo, incluy\u00f3 actividades como chequeos m\u00e9dicos, talleres de salud mental y f\u00edsica, y sesiones de relajaci\u00f3n.<br><\/li>\n\n\n\n<li><strong>Programas de Capacitaci\u00f3n: <\/strong>Se realizaron talleres de capacitaci\u00f3n y sesiones informativas sobre la Ley 1620 de 2013, dirigida a padres y docentes.<br><\/li>\n\n\n\n<li><strong>Bienestar del Personal: <\/strong>Se implementaron programas de monitoreo de salud y bienestar para los empleados, incluyendo encuestas institucionales para detectar necesidades y desarrollar planes de acci\u00f3n espec\u00edficos.<br><\/li>\n\n\n\n<li><strong>Disciplina Consciente:<\/strong> Durante este a\u00f1o, el enfoque se centr\u00f3 en implementar la Disciplina Consciente con los adultos en el Colegio.\u200b<\/li>\n<\/ol>\n\n\n\n<h2 class=\"wp-block-heading\"><strong>Equipo del Prop\u00f3sito:&nbsp;<\/strong><\/h2>\n\n\n\n<div class=\"wp-block-columns is-layout-flex wp-container-core-columns-is-layout-28f84493 wp-block-columns-is-layout-flex\">\n<div class=\"wp-block-column is-layout-flow wp-block-column-is-layout-flow\">\n<figure class=\"wp-block-image size-large is-resized\"><img decoding=\"async\" src=\"https:\/\/www.colegiobolivar.edu.co\/website\/wp-content\/uploads\/2024\/09\/Adriana-Ledesma-683x1024.jpg\" alt=\"\" class=\"wp-image-22803\" style=\"width:180px\"\/><figcaption class=\"wp-element-caption\">Adriana Ledesma<br>Coordinadora Recursos Humanos<br><\/figcaption><\/figure>\n<\/div>\n\n\n\n<div class=\"wp-block-column is-layout-flow wp-block-column-is-layout-flow\">\n<figure class=\"wp-block-image size-large is-resized\"><img decoding=\"async\" src=\"https:\/\/www.colegiobolivar.edu.co\/website\/wp-content\/uploads\/2024\/09\/Adriana-Patino.jpg\" alt=\"\" class=\"wp-image-22801\" style=\"width:180px\"\/><figcaption class=\"wp-element-caption\">Adriana Pati\u00f1o<br>Coordinadora Convivencia Escolar\u200b<br><\/figcaption><\/figure>\n<\/div>\n\n\n\n<div class=\"wp-block-column is-layout-flow wp-block-column-is-layout-flow\">\n<figure class=\"wp-block-image size-large is-resized\"><img decoding=\"async\" src=\"https:\/\/www.colegiobolivar.edu.co\/website\/wp-content\/uploads\/2024\/09\/Liliana-Poveda.jpg\" alt=\"\" class=\"wp-image-22799\" style=\"width:180px\"\/><figcaption class=\"wp-element-caption\">Liliana Poveda<br>Consejera Grado 7\u00b0 y 8\u00b0<br><\/figcaption><\/figure>\n<\/div>\n<\/div>\n\n\n\n<div class=\"wp-block-columns is-layout-flex wp-container-core-columns-is-layout-28f84493 wp-block-columns-is-layout-flex\">\n<div class=\"wp-block-column is-layout-flow wp-block-column-is-layout-flow\">\n<figure class=\"wp-block-image size-large is-resized\"><img decoding=\"async\" src=\"https:\/\/www.colegiobolivar.edu.co\/website\/wp-content\/uploads\/2024\/09\/Nagy-Joe-683x1024.jpg\" alt=\"\" class=\"wp-image-22802\" style=\"width:180px\"\/><figcaption class=\"wp-element-caption\">Dr. Joseph Nagy<br>Rector<\/figcaption><\/figure>\n<\/div>\n\n\n\n<div class=\"wp-block-column is-layout-flow wp-block-column-is-layout-flow\">\n<figure class=\"wp-block-image size-large is-resized\"><img decoding=\"async\" src=\"https:\/\/www.colegiobolivar.edu.co\/website\/wp-content\/uploads\/2024\/09\/Odette-Rumie.jpg\" alt=\"\" class=\"wp-image-22800\" style=\"width:180px\"\/><figcaption class=\"wp-element-caption\">Odette Rumie<br>Principal Preprimaria<\/figcaption><\/figure>\n<\/div>\n\n\n\n<div class=\"wp-block-column is-layout-flow wp-block-column-is-layout-flow\">\n<figure class=\"wp-block-image size-large is-resized\"><img decoding=\"async\" src=\"https:\/\/www.colegiobolivar.edu.co\/website\/wp-content\/uploads\/2024\/09\/Olga-Patino-684x1024.jpg\" alt=\"\" class=\"wp-image-22804\" style=\"width:180px\"\/><figcaption class=\"wp-element-caption\">Olga Pati\u00f1o<br>Coordinadora Administrativa<\/figcaption><\/figure>\n<\/div>\n<\/div>\n\n\n\n<div class=\"wp-block-cover is-light\" style=\"min-height:379px;aspect-ratio:unset;\"><span aria-hidden=\"true\" class=\"wp-block-cover__background has-white-background-color has-background-dim-100 has-background-dim\"><\/span><div class=\"wp-block-cover__inner-container is-layout-constrained wp-block-cover-is-layout-constrained\">\n<div class=\"wp-block-group is-nowrap is-layout-flex wp-container-core-group-is-layout-6c531013 wp-block-group-is-layout-flex\">\n<figure class=\"wp-block-image size-full\"><img decoding=\"async\" src=\"https:\/\/www.colegiobolivar.edu.co\/website\/wp-content\/uploads\/2024\/09\/Excelencia.jpg\" alt=\"\" class=\"wp-image-22831\"\/><\/figure>\n\n\n\n<p class=\"has-text-align-center has-text-color has-link-color has-large-font-size wp-elements-d32447732125b9bed6b1c1b84bacd5a8\" style=\"color:#f6cc3e\"><strong>Excelencia Personal<\/strong><\/p>\n<\/div>\n\n\n\n<p>El objetivo de este prop\u00f3sito es brindar oportunidades para que cada estudiante alcance su m\u00e1ximo potencial.<\/p>\n\n\n\n<figure class=\"wp-block-embed is-type-video is-provider-youtube wp-block-embed-youtube wp-embed-aspect-16-9 wp-has-aspect-ratio\"><div class=\"wp-block-embed__wrapper\">\n<iframe title=\"Prop\u00f3sto de Excelencia Personal\" width=\"800\" height=\"450\" src=\"https:\/\/www.youtube.com\/embed\/lahXIufrR-s?feature=oembed\" frameborder=\"0\" allow=\"accelerometer; autoplay; clipboard-write; encrypted-media; gyroscope; picture-in-picture; web-share\" referrerpolicy=\"strict-origin-when-cross-origin\" allowfullscreen><\/iframe>\n<\/div><\/figure>\n<\/div><\/div>\n\n\n\n<p><strong>Actividades Realizadas:<\/strong><\/p>\n\n\n\n<ol class=\"wp-block-list\">\n<li><strong>Capacitaci\u00f3n en el enfoque de Co-Instrucci\u00f3n<\/strong>, desde K\u00ednder 4 hasta Tercer Grado, con la Dra. Tammy Barron, para maximizar el papel de dos adultos en el aula, lo que tendr\u00e1 un efecto importante en el aprendizaje de los estudiantes en estos grados.&nbsp;&nbsp;<\/li>\n<\/ol>\n\n\n\n<ol class=\"wp-block-list\" start=\"2\">\n<li><strong>Revisi\u00f3n del Programa <em>Advanced Placement (AP)<\/em>: <\/strong>Se agregaron cursos Pre-AP y el AP Capstone Diploma y se ampli\u00f3 la oferta de cursos AP para asegurar la alineaci\u00f3n con las expectativas del perfil del egresado del Colegio Bol\u00edvar. Se ofreci\u00f3 capacitaci\u00f3n a todos los profesores a cargo de estos cursos.<\/li>\n<\/ol>\n\n\n\n<ol class=\"wp-block-list\" start=\"3\">\n<li><strong>Evaluaci\u00f3n del sistema de apoyo estudiantil multinivel e identificaci\u00f3n de brechas en la implementaci\u00f3n: <\/strong>Se identific\u00f3 el modelo MTSS (Multi-tiered System of Support) y se usaron protocolos para que las directivas, los consejeros y el personal de Servicios de Apoyo al Aprendizaje evaluaran los procesos de nuestro sistema e identificaran brechas en la implementaci\u00f3n. Para este trabajo se cont\u00f3 con la consultor\u00eda de dos expertas en el tema del Colegio Nueva Granada.&nbsp; Se ir\u00e1n haciendo los ajustes pertinentes paulatinamente.&nbsp;<\/li>\n<\/ol>\n\n\n\n<ol class=\"wp-block-list\" start=\"4\">\n<li><strong>Desarrollo de Escalas de Proficiencia:<\/strong> Se ha brindado apoyo a los profesores en el dise\u00f1o de estas importantes herramientas para la planeaci\u00f3n, la instrucci\u00f3n y la evaluaci\u00f3n, que clarifican expectativas en cuanto al desempe\u00f1o esperado de los estudiantes.&nbsp;&nbsp;<\/li>\n<\/ol>\n\n\n\n<h2 class=\"wp-block-heading\"><strong>Equipo del Prop\u00f3sito:<\/strong><\/h2>\n\n\n\n<div class=\"wp-block-columns is-layout-flex wp-container-core-columns-is-layout-28f84493 wp-block-columns-is-layout-flex\">\n<div class=\"wp-block-column is-layout-flow wp-block-column-is-layout-flow\">\n<figure class=\"wp-block-image size-large is-resized\"><img decoding=\"async\" src=\"https:\/\/www.colegiobolivar.edu.co\/website\/wp-content\/uploads\/2024\/09\/Ana-Maria-Duque.jpg\" alt=\"\" class=\"wp-image-22807\" style=\"width:180px\"\/><figcaption class=\"wp-element-caption\">Ana Mar\u00eda Duque Coordinadora S\u200bervicios de Apoyo al Aprendizaje<\/figcaption><\/figure>\n<\/div>\n\n\n\n<div class=\"wp-block-column is-layout-flow wp-block-column-is-layout-flow\">\n<figure class=\"wp-block-image size-large is-resized\"><img decoding=\"async\" src=\"https:\/\/www.colegiobolivar.edu.co\/website\/wp-content\/uploads\/2024\/09\/Ana-Maria-Varela.jpg\" alt=\"\" class=\"wp-image-22805\" style=\"width:180px\"\/><figcaption class=\"wp-element-caption\">Ana Mar\u00eda Varela<br>Coach Instruccional Primaria<\/figcaption><\/figure>\n<\/div>\n\n\n\n<div class=\"wp-block-column is-layout-flow wp-block-column-is-layout-flow\">\n<figure class=\"wp-block-image size-large is-resized\"><img decoding=\"async\" src=\"https:\/\/www.colegiobolivar.edu.co\/website\/wp-content\/uploads\/2024\/09\/David-Fayad.jpg\" alt=\"\" class=\"wp-image-22808\" style=\"width:180px\"\/><figcaption class=\"wp-element-caption\">Dr. David Fayad<br>Director de Aprendizaje\u200b<br><\/figcaption><\/figure>\n<\/div>\n<\/div>\n\n\n\n<div class=\"wp-block-columns is-layout-flex wp-container-core-columns-is-layout-28f84493 wp-block-columns-is-layout-flex\">\n<div class=\"wp-block-column is-layout-flow wp-block-column-is-layout-flow\">\n<figure class=\"wp-block-image size-large is-resized\"><img decoding=\"async\" src=\"https:\/\/www.colegiobolivar.edu.co\/website\/wp-content\/uploads\/2024\/09\/Tim-Shirk.jpg\" alt=\"\" class=\"wp-image-22806\" style=\"width:180px\"\/><figcaption class=\"wp-element-caption\">Dr. Tim Shirk<br>Principal High School<\/figcaption><\/figure>\n<\/div>\n\n\n\n<div class=\"wp-block-column is-layout-flow wp-block-column-is-layout-flow\"><\/div>\n\n\n\n<div class=\"wp-block-column is-layout-flow wp-block-column-is-layout-flow\"><\/div>\n<\/div>\n\n\n\n<div class=\"wp-block-cover is-light\"><span aria-hidden=\"true\" class=\"wp-block-cover__background has-white-background-color has-background-dim-100 has-background-dim\"><\/span><div class=\"wp-block-cover__inner-container is-layout-constrained wp-block-cover-is-layout-constrained\">\n<div class=\"wp-block-group is-nowrap is-layout-flex wp-container-core-group-is-layout-6c531013 wp-block-group-is-layout-flex\">\n<figure class=\"wp-block-image size-full\"><img decoding=\"async\" src=\"https:\/\/www.colegiobolivar.edu.co\/website\/wp-content\/uploads\/2024\/09\/Innovacion.jpg\" alt=\"\" class=\"wp-image-22832\"\/><\/figure>\n\n\n\n<p class=\"has-text-align-center has-text-color has-link-color has-large-font-size wp-elements-f055a052729922ac92cff53e3a8c2029\" style=\"color:#e57936\"><strong>Innovaci\u00f3n<\/strong><\/p>\n<\/div>\n\n\n\n<p>El objetivo de este prop\u00f3sito es crear un entorno educativo que fomente la innovaci\u00f3n y la creatividad.<\/p>\n\n\n\n<figure class=\"wp-block-embed is-type-video is-provider-youtube wp-block-embed-youtube wp-embed-aspect-16-9 wp-has-aspect-ratio\"><div class=\"wp-block-embed__wrapper\">\n<iframe title=\"Plan Estrat\u00e9gico e Innovaci\u00f3n\" width=\"800\" height=\"450\" src=\"https:\/\/www.youtube.com\/embed\/7gKLV5PshlM?feature=oembed\" frameborder=\"0\" allow=\"accelerometer; autoplay; clipboard-write; encrypted-media; gyroscope; picture-in-picture; web-share\" referrerpolicy=\"strict-origin-when-cross-origin\" allowfullscreen><\/iframe>\n<\/div><\/figure>\n<\/div><\/div>\n\n\n\n<p><strong>Actividades Realizadas:<\/strong><\/p>\n\n\n\n<ol class=\"wp-block-list\">\n<li><strong>Proyectos Interdisciplinarios: <\/strong>Se desarrollaron m\u00e1s de 30 proyectos colaborativos e innovadores, integrando diversas disciplinas y promoviendo el pensamiento cr\u00edtico. Tambi\u00e9n se obtuvo financiaci\u00f3n para la implementaci\u00f3n de 5 proyectos innovadores.<br><\/li>\n\n\n\n<li><strong>Espacios Innovadores y Flexibles: <\/strong>Se avanz\u00f3 en la transformaci\u00f3n de aulas y creaci\u00f3n de nuevos espacios f\u00edsicos para la innovaci\u00f3n, incluyendo renovaciones en el edificio de ciencias y la implementaci\u00f3n de equipos tecnol\u00f3gicos.<br><\/li>\n\n\n\n<li><strong>Implementaci\u00f3n de Inteligencia Artificial (IA): <\/strong>Se promovi\u00f3 el uso responsable y \u00e9tico de la inteligencia artificial en la ense\u00f1anza, con capacitaci\u00f3n y proyectos espec\u00edficos, como el uso de Microbit en cuarto grado y proyectos de artes esc\u00e9nicas y audiovisuales en middle school.<\/li>\n<\/ol>\n\n\n\n<h2 class=\"wp-block-heading\"><strong>Equipo del Prop\u00f3sito:<\/strong><\/h2>\n\n\n\n<div class=\"wp-block-columns is-layout-flex wp-container-core-columns-is-layout-28f84493 wp-block-columns-is-layout-flex\">\n<div class=\"wp-block-column is-layout-flow wp-block-column-is-layout-flow\">\n<figure class=\"wp-block-image size-large is-resized\"><img decoding=\"async\" src=\"https:\/\/www.colegiobolivar.edu.co\/website\/wp-content\/uploads\/2024\/09\/Katherine-Neal.jpg\" alt=\"\" class=\"wp-image-22810\" style=\"width:180px\"\/><figcaption class=\"wp-element-caption\">Katie Neal<br>Coordinadora de Innovaci\u00f3n y STEAM<\/figcaption><\/figure>\n<\/div>\n\n\n\n<div class=\"wp-block-column is-layout-flow wp-block-column-is-layout-flow\">\n<figure class=\"wp-block-image size-large is-resized\"><img decoding=\"async\" src=\"https:\/\/www.colegiobolivar.edu.co\/website\/wp-content\/uploads\/2024\/09\/Dorance-Moreno-683x1024.jpg\" alt=\"\" class=\"wp-image-22813\" style=\"width:180px\"\/><figcaption class=\"wp-element-caption\">Dorance Moreno<br>Coordinador ICT<\/figcaption><\/figure>\n<\/div>\n\n\n\n<div class=\"wp-block-column is-layout-flow wp-block-column-is-layout-flow\">\n<figure class=\"wp-block-image size-large is-resized\"><img decoding=\"async\" src=\"https:\/\/www.colegiobolivar.edu.co\/website\/wp-content\/uploads\/2024\/09\/Amanda-Felton.jpg\" alt=\"\" class=\"wp-image-22809\" style=\"width:180px\"\/><figcaption class=\"wp-element-caption\">Amanda Felton<br>Coordinadora Nido<\/figcaption><\/figure>\n<\/div>\n<\/div>\n\n\n\n<div class=\"wp-block-columns is-layout-flex wp-container-core-columns-is-layout-28f84493 wp-block-columns-is-layout-flex\">\n<div class=\"wp-block-column is-layout-flow wp-block-column-is-layout-flow\">\n<figure class=\"wp-block-image size-large is-resized\"><img decoding=\"async\" src=\"https:\/\/www.colegiobolivar.edu.co\/website\/wp-content\/uploads\/2024\/09\/Luis-Fernando-Munoz-683x1024.jpeg\" alt=\"\" class=\"wp-image-22819\" style=\"width:180px\"\/><figcaption class=\"wp-element-caption\">Luis Fernando Mu\u00f1oz<br>Instructional Coach High School<\/figcaption><\/figure>\n<\/div>\n\n\n\n<div class=\"wp-block-column is-layout-flow wp-block-column-is-layout-flow\">\n<figure class=\"wp-block-image size-large is-resized\"><img decoding=\"async\" src=\"https:\/\/www.colegiobolivar.edu.co\/website\/wp-content\/uploads\/2024\/09\/Jonathan-Roberts-684x1024.jpg\" alt=\"\" class=\"wp-image-22812\" style=\"width:180px\"\/><figcaption class=\"wp-element-caption\">Jonathan Roberts<br>Principal Middle School<\/figcaption><\/figure>\n<\/div>\n\n\n\n<div class=\"wp-block-column is-layout-flow wp-block-column-is-layout-flow\"><\/div>\n<\/div>\n\n\n\n<div class=\"wp-block-cover is-light\"><span aria-hidden=\"true\" class=\"wp-block-cover__background has-white-background-color has-background-dim-100 has-background-dim\"><\/span><div class=\"wp-block-cover__inner-container is-layout-constrained wp-block-cover-is-layout-constrained\">\n<div class=\"wp-block-group is-nowrap is-layout-flex wp-container-core-group-is-layout-6c531013 wp-block-group-is-layout-flex\">\n<figure class=\"wp-block-image size-full\"><img decoding=\"async\" src=\"https:\/\/www.colegiobolivar.edu.co\/website\/wp-content\/uploads\/2024\/09\/Sostenibilidad.jpg\" alt=\"\" class=\"wp-image-22833\"\/><\/figure>\n\n\n\n<p class=\"has-text-align-center has-text-color has-link-color has-large-font-size wp-elements-e03926ff60ac867cfb18194f6f3edb8d\" style=\"color:#448b4f\"><strong>Sostenibilidad<\/strong><\/p>\n<\/div>\n\n\n\n<p>El objetivo de este prop\u00f3sito es guiar a la comunidad hacia un futuro sostenible a trav\u00e9s de pr\u00e1cticas responsables y educativas.<\/p>\n\n\n\n<figure class=\"wp-block-embed is-type-video is-provider-youtube wp-block-embed-youtube wp-embed-aspect-16-9 wp-has-aspect-ratio\"><div class=\"wp-block-embed__wrapper\">\n<iframe title=\"Prop\u00f3sito de Sostenibilidad\" width=\"800\" height=\"450\" src=\"https:\/\/www.youtube.com\/embed\/1QeeEDFBh2U?feature=oembed\" frameborder=\"0\" allow=\"accelerometer; autoplay; clipboard-write; encrypted-media; gyroscope; picture-in-picture; web-share\" referrerpolicy=\"strict-origin-when-cross-origin\" allowfullscreen><\/iframe>\n<\/div><\/figure>\n<\/div><\/div>\n\n\n\n<p><strong>Actividades Realizadas:<\/strong><\/p>\n\n\n\n<ol class=\"wp-block-list\">\n<li><strong>Marco de Sostenibilidad:<\/strong> Se estableci\u00f3 un marco s\u00f3lido de sostenibilidad que gu\u00eda las pol\u00edticas y procedimientos en operaciones, administraci\u00f3n y pedagog\u00eda.<br><\/li>\n\n\n\n<li><strong>Proyectos Ambientales: <\/strong>Se llevaron a cabo iniciativas para reducir la generaci\u00f3n de residuos y optimizar el uso de recursos, como el Plan de Gesti\u00f3n de Residuos S\u00f3lidos (PGIR) y el Plan de Manejo Ambiental (PMA).<br><\/li>\n\n\n\n<li><strong>Educaci\u00f3n en Sostenibilidad:<\/strong> Se reestructuraron proyectos sociales y se incluyeron temas de sostenibilidad en el curr\u00edculo escolar, desarrollando un plan de unidad interdisciplinario por nivel de grado centrado en problemas relacionados con la sostenibilidad y sus conexiones al mundo real.<br><\/li>\n\n\n\n<li><strong>L\u00edder en Sostenibilidad: <\/strong>Se establece el nuevo cargo de liderazgo para coordinar acciones de sostenibilidad en los campos administrativo, operativo y pedag\u00f3gico.\u200b El comit\u00e9 interdisciplinario realiza reuniones frecuentes, con representantes de cada grupo de inter\u00e9s.\u200b<\/li>\n<\/ol>\n\n\n\n<h2 class=\"wp-block-heading\"><strong>Equipo del Prop\u00f3sito:<\/strong><\/h2>\n\n\n\n<div class=\"wp-block-columns is-layout-flex wp-container-core-columns-is-layout-28f84493 wp-block-columns-is-layout-flex\">\n<div class=\"wp-block-column is-layout-flow wp-block-column-is-layout-flow\">\n<figure class=\"wp-block-image size-large is-resized\"><img decoding=\"async\" src=\"https:\/\/www.colegiobolivar.edu.co\/website\/wp-content\/uploads\/2024\/09\/Ana-Maria-Duque-1.jpg\" alt=\"\" class=\"wp-image-22821\" style=\"width:180px\"\/><figcaption class=\"wp-element-caption\">Ana Mar\u00eda Duque<br>Coordinadora S\u200bervicios de Apoyo al Aprendizaje<\/figcaption><\/figure>\n<\/div>\n\n\n\n<div class=\"wp-block-column is-layout-flow wp-block-column-is-layout-flow\">\n<figure class=\"wp-block-image size-large is-resized\"><img decoding=\"async\" src=\"https:\/\/www.colegiobolivar.edu.co\/website\/wp-content\/uploads\/2024\/09\/Diego-Arias-683x1024.jpg\" alt=\"\" class=\"wp-image-22826\" style=\"width:180px\"\/><figcaption class=\"wp-element-caption\">Diego Arias<br>Coordinador Mantenimiento<\/figcaption><\/figure>\n<\/div>\n\n\n\n<div class=\"wp-block-column is-layout-flow wp-block-column-is-layout-flow\">\n<figure class=\"wp-block-image size-large is-resized\"><img decoding=\"async\" src=\"https:\/\/www.colegiobolivar.edu.co\/website\/wp-content\/uploads\/2024\/09\/Jessica-Gomez.jpg\" alt=\"\" class=\"wp-image-22822\" style=\"width:180px\"\/><figcaption class=\"wp-element-caption\">Jessica G\u00f3mez<br>L\u00edder de Sostenibilidad&nbsp;<\/figcaption><\/figure>\n<\/div>\n<\/div>\n\n\n\n<div class=\"wp-block-columns is-layout-flex wp-container-core-columns-is-layout-28f84493 wp-block-columns-is-layout-flex\">\n<div class=\"wp-block-column is-layout-flow wp-block-column-is-layout-flow\">\n<figure class=\"wp-block-image size-large is-resized\"><img decoding=\"async\" src=\"https:\/\/www.colegiobolivar.edu.co\/website\/wp-content\/uploads\/2024\/09\/Manuela-Jaramillo.jpg\" alt=\"\" class=\"wp-image-22823\" style=\"width:180px\"\/><figcaption class=\"wp-element-caption\">Manuela Jaramillo<br>Docente GIN<\/figcaption><\/figure>\n<\/div>\n\n\n\n<div class=\"wp-block-column is-layout-flow wp-block-column-is-layout-flow\">\n<figure class=\"wp-block-image size-large is-resized\"><img decoding=\"async\" src=\"https:\/\/www.colegiobolivar.edu.co\/website\/wp-content\/uploads\/2024\/09\/Maritza-Gonzalez.jpg\" alt=\"\" class=\"wp-image-22820\" style=\"width:180px\"\/><figcaption class=\"wp-element-caption\">Maritza Gonz\u00e1lez<br>Instructional Coach Preprimaria<\/figcaption><\/figure>\n<\/div>\n\n\n\n<div class=\"wp-block-column is-layout-flow wp-block-column-is-layout-flow\">\n<figure class=\"wp-block-image size-large is-resized\"><img decoding=\"async\" src=\"https:\/\/www.colegiobolivar.edu.co\/website\/wp-content\/uploads\/2024\/09\/Robin-Perskie-684x1024.jpg\" alt=\"\" class=\"wp-image-22825\" style=\"width:180px\"\/><figcaption class=\"wp-element-caption\">Robin Perskie<br>Principal Primaria<\/figcaption><\/figure>\n<\/div>\n<\/div>\n\n\n\n<div class=\"wp-block-columns is-layout-flex wp-container-core-columns-is-layout-28f84493 wp-block-columns-is-layout-flex\">\n<div class=\"wp-block-column is-layout-flow wp-block-column-is-layout-flow\">\n<figure class=\"wp-block-image size-large is-resized\"><img decoding=\"async\" src=\"https:\/\/www.colegiobolivar.edu.co\/website\/wp-content\/uploads\/2024\/09\/Olga-Nunez-683x1024.jpg\" alt=\"\" class=\"wp-image-22824\" style=\"width:180px\"\/><figcaption class=\"wp-element-caption\">Olga Nu\u00f1ez<br>Coordinadora Departamento Financiero<\/figcaption><\/figure>\n<\/div>\n\n\n\n<div class=\"wp-block-column is-layout-flow wp-block-column-is-layout-flow\">\n<figure class=\"wp-block-image size-large is-resized\"><img decoding=\"async\" src=\"https:\/\/www.colegiobolivar.edu.co\/website\/wp-content\/uploads\/2024\/09\/Mathilde-Guzman-684x1024.jpg\" alt=\"\" class=\"wp-image-22827\" style=\"width:180px\"\/><figcaption class=\"wp-element-caption\">Mathilde Guzm\u00e1n Coordinadora Desarrollo y Bienestar Comunitario<\/figcaption><\/figure>\n<\/div>\n\n\n\n<div class=\"wp-block-column is-layout-flow wp-block-column-is-layout-flow\"><\/div>\n<\/div>\n\n\n\n<h4 class=\"wp-block-heading\">A trav\u00e9s de estos esfuerzos, la instituci\u00f3n no solo est\u00e1 mejorando la calidad de la educaci\u00f3n, sino tambi\u00e9n preparando a la comunidad educativa para enfrentar los desaf\u00edos del futuro con un enfoque en el bienestar, la excelencia, la innovaci\u00f3n y la sostenibilidad.<\/h4>\n","protected":false},"excerpt":{"rendered":"<p>El Colegio Bol\u00edvar ha realizado significativos progresos en su Plan Estrat\u00e9gico 2022-2025, centrado en cuatro prop\u00f3sitos estrat\u00e9gicos: Bienestar, Excelencia Personal, Innovaci\u00f3n y Sostenibilidad. A continuaci\u00f3n, se detallan las actividades realizadas y los equipos involucrados en cada uno de estos prop\u00f3sitos en el per\u00edodo 2023-2024. Actividades Realizadas: Equipo del Prop\u00f3sito:&nbsp; Actividades Realizadas: Equipo del Prop\u00f3sito: Actividades [&hellip;]<\/p>\n","protected":false},"author":1,"featured_media":0,"comment_status":"open","ping_status":"open","sticky":false,"template":"","format":"standard","meta":{"_acf_changed":false,"footnotes":""},"categories":[1],"tags":[],"class_list":["post-34656","post","type-post","status-publish","format-standard","hentry","category-uncategorized"],"acf":[],"_links":{"self":[{"href":"https:\/\/www.colegiobolivar.edu.co\/website\/wp-json\/wp\/v2\/posts\/34656","targetHints":{"allow":["GET"]}}],"collection":[{"href":"https:\/\/www.colegiobolivar.edu.co\/website\/wp-json\/wp\/v2\/posts"}],"about":[{"href":"https:\/\/www.colegiobolivar.edu.co\/website\/wp-json\/wp\/v2\/types\/post"}],"author":[{"embeddable":true,"href":"https:\/\/www.colegiobolivar.edu.co\/website\/wp-json\/wp\/v2\/users\/1"}],"replies":[{"embeddable":true,"href":"https:\/\/www.colegiobolivar.edu.co\/website\/wp-json\/wp\/v2\/comments?post=34656"}],"version-history":[{"count":0,"href":"https:\/\/www.colegiobolivar.edu.co\/website\/wp-json\/wp\/v2\/posts\/34656\/revisions"}],"wp:attachment":[{"href":"https:\/\/www.colegiobolivar.edu.co\/website\/wp-json\/wp\/v2\/media?parent=34656"}],"wp:term":[{"taxonomy":"category","embeddable":true,"href":"https:\/\/www.colegiobolivar.edu.co\/website\/wp-json\/wp\/v2\/categories?post=34656"},{"taxonomy":"post_tag","embeddable":true,"href":"https:\/\/www.colegiobolivar.edu.co\/website\/wp-json\/wp\/v2\/tags?post=34656"}],"curies":[{"name":"wp","href":"https:\/\/api.w.org\/{rel}","templated":true}]}}