{"id":34669,"date":"2025-10-16T17:54:42","date_gmt":"2025-10-16T17:54:42","guid":{"rendered":"https:\/\/colegiobolivar.edu.co\/website\/index.php\/2025\/10\/16\/asi-fue-la-semana-del-bienestar-y-del-autocuidado-en-high-school\/"},"modified":"2025-10-16T17:54:42","modified_gmt":"2025-10-16T17:54:42","slug":"asi-fue-la-semana-del-bienestar-y-del-autocuidado-en-high-school","status":"publish","type":"post","link":"https:\/\/www.colegiobolivar.edu.co\/website\/asi-fue-la-semana-del-bienestar-y-del-autocuidado-en-high-school\/","title":{"rendered":"As\u00ed fue la Semana del Bienestar y del Autocuidado en High School"},"content":{"rendered":"\n<p>Recientemente, el Colegio centr\u00f3 su mirada en el manejo de las emociones, el sentido de comunidad, la inclusi\u00f3n y la empat\u00eda con la celebraci\u00f3n de la Semana del Bienestar. Bajo el lema \u201cYo estoy bien, t\u00fa est\u00e1s bien, estamos bien\u201d, la comunidad educativa se uni\u00f3 en torno a actividades y reflexiones que buscan hacer del autocuidado una pr\u00e1ctica diaria y compartida.<\/p>\n\n\n\n<p>Esta iniciativa surgi\u00f3 en el marco del prop\u00f3sito de Bienestar del Plan Estrat\u00e9gico 2022-2025 para abordar, de manera preventiva y educativa, el autocuidado en todas sus dimensiones: mental, f\u00edsica, emocional y social.<\/p>\n\n\n\n<p>El \u00e9nfasis tem\u00e1tico en High School fue la salud mental y para esto se brindaron una serie de experiencias significativas, con promoci\u00f3n de h\u00e1bitos saludables y conversatorios sobre temas importantes para el desarrollo de nuestros estudiantes como los retos frente a las influencias sociales y culturales en torno al consumo de alcohol y c\u00f3mo establecer l\u00edmites; as\u00ed como el cuidado del cerebro mediante pr\u00e1cticas como el sue\u00f1o, la nutrici\u00f3n y el ejercicio.<\/p>\n\n\n\n<h2 class=\"wp-block-heading\"><strong>Disfrute del registro fotogr\u00e1fico de algunas de estas actividades:<\/strong><\/h2>\n\n\n\n<h2 class=\"wp-block-heading\">The Adolescent Brain. Presenter: Tim Shirk<\/h2>\n\n\n\n<h2 class=\"wp-block-heading\">Sleep, Nutrition, Exercise &amp; the Brain. Presenter: Andr\u00e9s Lukauskis<\/h2>\n\n\n\n<h2 class=\"wp-block-heading\">Pathways for prevention: l\u00edmites frente al alcohol<\/h2>\n","protected":false},"excerpt":{"rendered":"<p>Recientemente, el Colegio centr\u00f3 su mirada en el manejo de las emociones, el sentido de comunidad, la inclusi\u00f3n y la empat\u00eda con la celebraci\u00f3n de la Semana del Bienestar. Bajo el lema \u201cYo estoy bien, t\u00fa est\u00e1s bien, estamos bien\u201d, la comunidad educativa se uni\u00f3 en torno a actividades y reflexiones que buscan hacer del [&hellip;]<\/p>\n","protected":false},"author":1,"featured_media":0,"comment_status":"open","ping_status":"open","sticky":false,"template":"","format":"standard","meta":{"_acf_changed":false,"footnotes":""},"categories":[1],"tags":[],"class_list":["post-34669","post","type-post","status-publish","format-standard","hentry","category-uncategorized"],"acf":[],"_links":{"self":[{"href":"https:\/\/www.colegiobolivar.edu.co\/website\/wp-json\/wp\/v2\/posts\/34669","targetHints":{"allow":["GET"]}}],"collection":[{"href":"https:\/\/www.colegiobolivar.edu.co\/website\/wp-json\/wp\/v2\/posts"}],"about":[{"href":"https:\/\/www.colegiobolivar.edu.co\/website\/wp-json\/wp\/v2\/types\/post"}],"author":[{"embeddable":true,"href":"https:\/\/www.colegiobolivar.edu.co\/website\/wp-json\/wp\/v2\/users\/1"}],"replies":[{"embeddable":true,"href":"https:\/\/www.colegiobolivar.edu.co\/website\/wp-json\/wp\/v2\/comments?post=34669"}],"version-history":[{"count":0,"href":"https:\/\/www.colegiobolivar.edu.co\/website\/wp-json\/wp\/v2\/posts\/34669\/revisions"}],"wp:attachment":[{"href":"https:\/\/www.colegiobolivar.edu.co\/website\/wp-json\/wp\/v2\/media?parent=34669"}],"wp:term":[{"taxonomy":"category","embeddable":true,"href":"https:\/\/www.colegiobolivar.edu.co\/website\/wp-json\/wp\/v2\/categories?post=34669"},{"taxonomy":"post_tag","embeddable":true,"href":"https:\/\/www.colegiobolivar.edu.co\/website\/wp-json\/wp\/v2\/tags?post=34669"}],"curies":[{"name":"wp","href":"https:\/\/api.w.org\/{rel}","templated":true}]}}