{"id":34672,"date":"2025-10-16T17:54:42","date_gmt":"2025-10-16T17:54:42","guid":{"rendered":"https:\/\/colegiobolivar.edu.co\/website\/index.php\/2025\/10\/16\/una-brujula-para-comprender-la-sostenibilidad\/"},"modified":"2025-10-16T17:54:42","modified_gmt":"2025-10-16T17:54:42","slug":"una-brujula-para-comprender-la-sostenibilidad","status":"publish","type":"post","link":"https:\/\/www.colegiobolivar.edu.co\/website\/una-brujula-para-comprender-la-sostenibilidad\/","title":{"rendered":"Una br\u00fajula para comprender la sostenibilidad"},"content":{"rendered":"\n<p>Bajo la gu\u00eda del profesor <strong>Ryan James Evansen<\/strong>, los estudiantes de quinto de primaria realizaron una actividad innovadora para profundizar en la comprensi\u00f3n de la sostenibilidad, utilizando la herramienta <strong>\u00abLa Br\u00fajula de la Sostenibilidad\u00bb.<\/strong> Esta experiencia se enmarc\u00f3 en acciones para incrementar la comprensi\u00f3n de la <strong>COP 16, <\/strong>que se celebra en Cali, y permiti\u00f3 a los alumnos desarrollar un pensamiento cr\u00edtico sobre los problemas ambientales desde una perspectiva integral.<\/p>\n\n\n\n<figure class=\"wp-block-gallery has-nested-images columns-default is-cropped wp-block-gallery-1 is-layout-flex wp-block-gallery-is-layout-flex\">\n<figure class=\"wp-block-image size-large\"><img decoding=\"async\" data-id=\"23822\" src=\"https:\/\/www.colegiobolivar.edu.co\/website\/wp-content\/uploads\/2024\/10\/WhatsApp-Image-2024-10-18-at-10.38.49-AM-1.jpeg\" alt=\"\" class=\"wp-image-23822\"\/><\/figure>\n\n\n\n<figure class=\"wp-block-image size-large\"><img decoding=\"async\" data-id=\"23823\" src=\"https:\/\/www.colegiobolivar.edu.co\/website\/wp-content\/uploads\/2024\/10\/WhatsApp-Image-2024-10-18-at-10.38.50-AM-1.jpeg\" alt=\"\" class=\"wp-image-23823\"\/><\/figure>\n\n\n\n<figure class=\"wp-block-image size-large\"><img decoding=\"async\" data-id=\"23824\" src=\"https:\/\/www.colegiobolivar.edu.co\/website\/wp-content\/uploads\/2024\/10\/WhatsApp-Image-2024-10-18-at-10.38.50-AM-2.jpeg\" alt=\"\" class=\"wp-image-23824\"\/><\/figure>\n<\/figure>\n\n\n\n<div style=\"height:20px\" aria-hidden=\"true\" class=\"wp-block-spacer\"><\/div>\n\n\n\n<h2 class=\"wp-block-heading\">La br\u00fajula de la sostenibilidad: una metodolog\u00eda innovadora<\/h2>\n\n\n\n<p>La br\u00fajula de la sostenibilidad es una herramienta pedag\u00f3gica dise\u00f1ada para simplificar y facilitar la comprensi\u00f3n de los complejos temas de sostenibilidad. Funciona de manera similar a una br\u00fajula tradicional, pero en lugar de orientar a las personas hacia direcciones f\u00edsicas, las gu\u00eda a trav\u00e9s de los pilares fundamentales de la sostenibilidad, asignando una letra a cada uno de ellos:<\/p>\n\n\n\n<figure class=\"wp-block-image size-full\"><img decoding=\"async\" src=\"https:\/\/www.colegiobolivar.edu.co\/website\/wp-content\/uploads\/2024\/10\/WhatsApp-Image-2024-10-18-at-10.38.49-AM-2.jpeg\" alt=\"\" class=\"wp-image-23827\"\/><\/figure>\n\n\n\n<div style=\"height:20px\" aria-hidden=\"true\" class=\"wp-block-spacer\"><\/div>\n\n\n\n<p><strong>N es por Naturaleza:<\/strong> incluye todos los sistemas ecol\u00f3gicos y preocupaciones ambientales, desde la salud de los ecosistemas y la conservaci\u00f3n de la biodiversidad, hasta el uso sostenible de los recursos y la gesti\u00f3n de residuos.<\/p>\n\n\n\n<p><strong>E es por Econom\u00eda:<\/strong> aborda los sistemas humanos que transforman los recursos naturales en bienes y servicios, desde la agricultura y la tecnolog\u00eda hasta el empleo y los sistemas financieros.<\/p>\n\n\n\n<p><strong>S es por Sociedad:<\/strong> cubre las instituciones, organizaciones y normas sociales que influyen en nuestra vida colectiva, incluyendo la educaci\u00f3n, la cultura y la gobernanza.<\/p>\n\n\n\n<p><strong>W (por West, oeste en ingl\u00e9s) es por Bienestar (Well-being):<\/strong> enfocado en la salud, la felicidad y la calidad de vida de las personas, asegurando que el desarrollo sostenible mejore el bienestar individual y colectivo.<\/p>\n\n\n\n<p>Los estudiantes de quinto de primaria utilizaron esta <strong>br\u00fajula<\/strong> para reflexionar sobre problemas ambientales reales, asignando palabras clave y frases a cada uno de los puntos cardinales de la br\u00fajula <strong>(Naturaleza, Econom\u00eda, Sociedad y Bienestar).<\/strong> A trav\u00e9s de esta metodolog\u00eda, los alumnos pod\u00edan descomponer complejos problemas ambientales en elementos m\u00e1s manejables, mientras ve\u00edan c\u00f3mo estos elementos se interrelacionaban entre s\u00ed.<\/p>\n\n\n\n<figure class=\"wp-block-gallery has-nested-images columns-default is-cropped wp-block-gallery-2 is-layout-flex wp-block-gallery-is-layout-flex\">\n<figure class=\"wp-block-image size-large\"><img decoding=\"async\" data-id=\"23821\" src=\"https:\/\/www.colegiobolivar.edu.co\/website\/wp-content\/uploads\/2024\/10\/WhatsApp-Image-2024-10-18-at-10.28.03-AM-2-1024x768.jpeg\" alt=\"\" class=\"wp-image-23821\"\/><\/figure>\n\n\n\n<figure class=\"wp-block-image size-large\"><img decoding=\"async\" data-id=\"23820\" src=\"https:\/\/www.colegiobolivar.edu.co\/website\/wp-content\/uploads\/2024\/10\/WhatsApp-Image-2024-10-18-at-10.28.03-AM-3-1024x768.jpeg\" alt=\"\" class=\"wp-image-23820\"\/><\/figure>\n<\/figure>\n\n\n\n<figure class=\"wp-block-gallery has-nested-images columns-default is-cropped wp-block-gallery-3 is-layout-flex wp-block-gallery-is-layout-flex\">\n<figure class=\"wp-block-image size-large\"><img decoding=\"async\" data-id=\"23818\" src=\"https:\/\/www.colegiobolivar.edu.co\/website\/wp-content\/uploads\/2024\/10\/WhatsApp-Image-2024-10-18-at-10.28.03-AM-1-1024x768.jpeg\" alt=\"\" class=\"wp-image-23818\"\/><\/figure>\n\n\n\n<figure class=\"wp-block-image size-large\"><img decoding=\"async\" data-id=\"23819\" src=\"https:\/\/www.colegiobolivar.edu.co\/website\/wp-content\/uploads\/2024\/10\/WhatsApp-Image-2024-10-18-at-10.28.03-AM-4-1024x768.jpeg\" alt=\"\" class=\"wp-image-23819\"\/><\/figure>\n<\/figure>\n\n\n\n<div style=\"height:20px\" aria-hidden=\"true\" class=\"wp-block-spacer\"><\/div>\n\n\n\n<p>De esta manera, los estudiantes comenzaron listando ideas o problemas relevantes para cada una de las cuatro direcciones de la <strong>br\u00fajula. <\/strong>Por ejemplo, bajo la categor\u00eda de <strong>\u00abNaturaleza\u00bb,<\/strong> hablaron sobre la importancia de la conservaci\u00f3n del agua y la biodiversidad, mientras que en <strong>\u00abEconom\u00eda\u00bb, <\/strong>discutieron el impacto de la producci\u00f3n industrial y el consumo responsable.<\/p>\n\n\n\n<p>Despu\u00e9s de identificar los conceptos clave, el siguiente paso fue buscar conexiones dentro de las categor\u00edas y entre ellas. Por ejemplo, relacionaron el <strong>bienestar humano <\/strong>con el acceso a <strong>aire limpio (Naturaleza) <\/strong>o vincularon los sistemas econ\u00f3micos con la justicia social (Sociedad).<\/p>\n\n\n\n<figure class=\"wp-block-gallery has-nested-images columns-default is-cropped wp-block-gallery-4 is-layout-flex wp-block-gallery-is-layout-flex\">\n<figure class=\"wp-block-image size-large\"><img decoding=\"async\" data-id=\"23825\" src=\"https:\/\/www.colegiobolivar.edu.co\/website\/wp-content\/uploads\/2024\/10\/WhatsApp-Image-2024-10-18-at-10.38.50-AM.jpeg\" alt=\"\" class=\"wp-image-23825\"\/><\/figure>\n\n\n\n<figure class=\"wp-block-image size-full\"><img decoding=\"async\" data-id=\"23826\" src=\"https:\/\/www.colegiobolivar.edu.co\/website\/wp-content\/uploads\/2024\/10\/WhatsApp-Image-2024-10-18-at-10.38.50-AM-3.jpeg\" alt=\"\" class=\"wp-image-23826\"\/><\/figure>\n<\/figure>\n\n\n\n<div style=\"height:20px\" aria-hidden=\"true\" class=\"wp-block-spacer\"><\/div>\n\n\n\n<p>A trav\u00e9s de la visualizaci\u00f3n de estas conexiones, los estudiantes lograron identificar \u00e1<strong>reas de \u00abpoder\u00bb o influencia<\/strong> donde se podr\u00eda generar un mayor impacto positivo. Estas \u00e1reas les permitieron enfocar sus esfuerzos en aspectos espec\u00edficos que podr\u00edan producir cambios tangibles, ya sea a nivel local o global.<\/p>\n\n\n\n<p>La actividad no solo les ayud\u00f3 a comprender los desaf\u00edos ambientales desde m\u00faltiples \u00e1ngulos, sino que tambi\u00e9n les ense\u00f1\u00f3 a pensar de manera <strong>hol\u00edstica y sist\u00e9mica.<\/strong> Los estudiantes lograron ver c\u00f3mo los <strong>problemas ambientales no pueden abordarse en aislamiento, <\/strong>sino que est\u00e1n profundamente interconectados con factores <strong>econ\u00f3micos, sociales y de bienestar humano.<\/strong><\/p>\n\n\n\n<figure class=\"wp-block-gallery has-nested-images columns-default is-cropped wp-block-gallery-5 is-layout-flex wp-block-gallery-is-layout-flex\">\n<figure class=\"wp-block-image size-large\"><img decoding=\"async\" data-id=\"23816\" src=\"https:\/\/www.colegiobolivar.edu.co\/website\/wp-content\/uploads\/2024\/10\/WhatsApp-Image-2024-10-18-at-10.28.03-AM-6-1024x768.jpeg\" alt=\"\" class=\"wp-image-23816\"\/><\/figure>\n\n\n\n<figure class=\"wp-block-image size-large\"><img decoding=\"async\" data-id=\"23817\" src=\"https:\/\/www.colegiobolivar.edu.co\/website\/wp-content\/uploads\/2024\/10\/WhatsApp-Image-2024-10-18-at-10.28.03-AM-8-1024x768.jpeg\" alt=\"\" class=\"wp-image-23817\"\/><\/figure>\n<\/figure>\n\n\n\n<div style=\"height:20px\" aria-hidden=\"true\" class=\"wp-block-spacer\"><\/div>\n\n\n\n<p>Con este tipo de proyectos en el sal\u00f3n de clases, el <strong>Colegio<\/strong> refuerza su <strong>compromiso con la educaci\u00f3n ambiental <\/strong>y la formaci\u00f3n de <strong>ciudadanos responsables,<\/strong> empoderados para tomar decisiones conscientes y participar activamente en la lucha contra los desaf\u00edos globales que enfrentamos hoy, como el <strong>cambio clim\u00e1tico<\/strong>, en el contexto de eventos de gran relevancia internacional como la <strong>COP 16.<\/strong><\/p>\n","protected":false},"excerpt":{"rendered":"<p>Bajo la gu\u00eda del profesor Ryan James Evansen, los estudiantes de quinto de primaria realizaron una actividad innovadora para profundizar en la comprensi\u00f3n de la sostenibilidad, utilizando la herramienta \u00abLa Br\u00fajula de la Sostenibilidad\u00bb. Esta experiencia se enmarc\u00f3 en acciones para incrementar la comprensi\u00f3n de la COP 16, que se celebra en Cali, y permiti\u00f3 [&hellip;]<\/p>\n","protected":false},"author":1,"featured_media":0,"comment_status":"open","ping_status":"open","sticky":false,"template":"","format":"standard","meta":{"_acf_changed":false,"footnotes":""},"categories":[1],"tags":[],"class_list":["post-34672","post","type-post","status-publish","format-standard","hentry","category-uncategorized"],"acf":[],"_links":{"self":[{"href":"https:\/\/www.colegiobolivar.edu.co\/website\/wp-json\/wp\/v2\/posts\/34672","targetHints":{"allow":["GET"]}}],"collection":[{"href":"https:\/\/www.colegiobolivar.edu.co\/website\/wp-json\/wp\/v2\/posts"}],"about":[{"href":"https:\/\/www.colegiobolivar.edu.co\/website\/wp-json\/wp\/v2\/types\/post"}],"author":[{"embeddable":true,"href":"https:\/\/www.colegiobolivar.edu.co\/website\/wp-json\/wp\/v2\/users\/1"}],"replies":[{"embeddable":true,"href":"https:\/\/www.colegiobolivar.edu.co\/website\/wp-json\/wp\/v2\/comments?post=34672"}],"version-history":[{"count":0,"href":"https:\/\/www.colegiobolivar.edu.co\/website\/wp-json\/wp\/v2\/posts\/34672\/revisions"}],"wp:attachment":[{"href":"https:\/\/www.colegiobolivar.edu.co\/website\/wp-json\/wp\/v2\/media?parent=34672"}],"wp:term":[{"taxonomy":"category","embeddable":true,"href":"https:\/\/www.colegiobolivar.edu.co\/website\/wp-json\/wp\/v2\/categories?post=34672"},{"taxonomy":"post_tag","embeddable":true,"href":"https:\/\/www.colegiobolivar.edu.co\/website\/wp-json\/wp\/v2\/tags?post=34672"}],"curies":[{"name":"wp","href":"https:\/\/api.w.org\/{rel}","templated":true}]}}