{"id":34673,"date":"2025-10-16T17:54:42","date_gmt":"2025-10-16T17:54:42","guid":{"rendered":"https:\/\/colegiobolivar.edu.co\/website\/index.php\/2025\/10\/16\/sensibilizacion-en-sostenibilidad-ambiental-sembrando-conciencia-desde-el-aula\/"},"modified":"2025-10-16T17:54:42","modified_gmt":"2025-10-16T17:54:42","slug":"sensibilizacion-en-sostenibilidad-ambiental-sembrando-conciencia-desde-el-aula","status":"publish","type":"post","link":"https:\/\/www.colegiobolivar.edu.co\/website\/sensibilizacion-en-sostenibilidad-ambiental-sembrando-conciencia-desde-el-aula\/","title":{"rendered":"Sensibilizaci\u00f3n en sostenibilidad ambiental: sembrando conciencia desde el aula"},"content":{"rendered":"\n<figure class=\"wp-block-image size-large\"><img decoding=\"async\" src=\"https:\/\/www.colegiobolivar.edu.co\/website\/wp-content\/uploads\/2024\/10\/WhatsApp-Image-2024-10-18-at-11.07.06-AM-3-1-1024x525.jpeg\" alt=\"\" class=\"wp-image-23843\"\/><\/figure>\n\n\n\n<div style=\"height:20px\" aria-hidden=\"true\" class=\"wp-block-spacer\"><\/div>\n\n\n\n<p>Los estudiantes de tercero de primaria, bajo la gu\u00eda del profesor <strong>Jaime N\u00fa\u00f1ez<\/strong>, participaron en un proyecto de sensibilizaci\u00f3n sobre temas de sostenibilidad ambiental. La actividad comenz\u00f3 con un recorrido por el campus del Colegio, donde los ni\u00f1os identificaron pr\u00e1cticas que impactan el medio ambiente y reconocieron los esfuerzos actuales por crear un entorno m\u00e1s sostenible, como el uso de paneles solares, el reciclaje y el jard\u00edn sostenible.<\/p>\n\n\n\n<figure class=\"wp-block-gallery has-nested-images columns-default is-cropped wp-block-gallery-1 is-layout-flex wp-block-gallery-is-layout-flex\">\n<figure class=\"wp-block-image size-large\"><img decoding=\"async\" data-id=\"23840\" src=\"https:\/\/www.colegiobolivar.edu.co\/website\/wp-content\/uploads\/2024\/10\/1727982144855-578x1024.jpg\" alt=\"\" class=\"wp-image-23840\"\/><\/figure>\n\n\n\n<figure class=\"wp-block-image size-large\"><img decoding=\"async\" data-id=\"23841\" src=\"https:\/\/www.colegiobolivar.edu.co\/website\/wp-content\/uploads\/2024\/10\/1727982144971-578x1024.jpg\" alt=\"\" class=\"wp-image-23841\"\/><\/figure>\n<\/figure>\n\n\n\n<div style=\"height:19px\" aria-hidden=\"true\" class=\"wp-block-spacer\"><\/div>\n\n\n\n<p>El proyecto, que comenz\u00f3 con un recorrido por el campus para identificar pr\u00e1cticas sostenibles y problem\u00e1ticas ambientales, continu\u00f3 con explicaciones claras sobre conceptos fundamentales de sostenibilidad. El profesor N\u00fa\u00f1ez utiliz\u00f3 ejemplos de la vida diaria, conectando lo que los ni\u00f1os ven en sus hogares con el impacto ambiental global. Los estudiantes, al comprender esta relaci\u00f3n, decidieron lanzar una campa\u00f1a de sensibilizaci\u00f3n a trav\u00e9s de mensajes creados con materiales reciclados. Estos mensajes fueron expuestos en el <strong>Festival de la Sostenibilidad y Biodiversidad del colegio, que comenz\u00f3 el 21 de octubre en el marco de la COP 16 de Cali\u200b.<\/strong><\/p>\n\n\n\n<figure class=\"wp-block-gallery has-nested-images columns-default is-cropped wp-block-gallery-2 is-layout-flex wp-block-gallery-is-layout-flex\">\n<figure class=\"wp-block-image size-large\"><img decoding=\"async\" data-id=\"24099\" src=\"https:\/\/www.colegiobolivar.edu.co\/website\/wp-content\/uploads\/2024\/10\/WhatsApp-Image-2024-10-28-at-10.48.39-AM-1024x768.jpeg\" alt=\"\" class=\"wp-image-24099\"\/><\/figure>\n\n\n\n<figure class=\"wp-block-image size-large\"><img decoding=\"async\" data-id=\"24100\" src=\"https:\/\/www.colegiobolivar.edu.co\/website\/wp-content\/uploads\/2024\/10\/WhatsApp-Image-2024-10-28-at-10.48.40-AM-1-1024x768.jpeg\" alt=\"\" class=\"wp-image-24100\"\/><\/figure>\n\n\n\n<figure class=\"wp-block-image size-large\"><img decoding=\"async\" data-id=\"24098\" src=\"https:\/\/www.colegiobolivar.edu.co\/website\/wp-content\/uploads\/2024\/10\/WhatsApp-Image-2024-10-28-at-10.48.40-AM-1024x768.jpeg\" alt=\"\" class=\"wp-image-24098\"\/><\/figure>\n<\/figure>\n\n\n\n<div style=\"height:20px\" aria-hidden=\"true\" class=\"wp-block-spacer\"><\/div>\n\n\n\n<p>Pero m\u00e1s all\u00e1 del proyecto en s\u00ed, este tipo de iniciativas en la educaci\u00f3n primaria tienen un valor incalculable. Los ni\u00f1os en esta etapa de desarrollo est\u00e1n en un proceso de formaci\u00f3n de h\u00e1bitos y valores, y la participaci\u00f3n en proyectos de sostenibilidad les permite adquirir un sentido profundo de responsabilidad hacia el planeta. Aprenden a ser conscientes de su entorno, a pensar cr\u00edticamente sobre c\u00f3mo sus acciones impactan a los dem\u00e1s, y a tomar decisiones informadas para mejorar su comunidad y el mundo.<\/p>\n\n\n\n<figure class=\"wp-block-gallery has-nested-images columns-default is-cropped wp-block-gallery-3 is-layout-flex wp-block-gallery-is-layout-flex\">\n<figure class=\"wp-block-image size-large\"><img decoding=\"async\" data-id=\"23832\" src=\"https:\/\/www.colegiobolivar.edu.co\/website\/wp-content\/uploads\/2024\/10\/WhatsApp-Image-2024-10-18-at-11.07.04-AM-1024x768.jpeg\" alt=\"\" class=\"wp-image-23832\"\/><\/figure>\n\n\n\n<figure class=\"wp-block-image size-large\"><img decoding=\"async\" data-id=\"23834\" src=\"https:\/\/www.colegiobolivar.edu.co\/website\/wp-content\/uploads\/2024\/10\/WhatsApp-Image-2024-10-18-at-11.07.05-AM-2-1024x768.jpeg\" alt=\"\" class=\"wp-image-23834\"\/><\/figure>\n\n\n\n<figure class=\"wp-block-image size-large\"><img decoding=\"async\" data-id=\"23836\" src=\"https:\/\/www.colegiobolivar.edu.co\/website\/wp-content\/uploads\/2024\/10\/WhatsApp-Image-2024-10-18-at-11.07.06-AM-1-768x1024.jpeg\" alt=\"\" class=\"wp-image-23836\"\/><\/figure>\n<\/figure>\n\n\n\n<div style=\"height:20px\" aria-hidden=\"true\" class=\"wp-block-spacer\"><\/div>\n\n\n\n<p>Adem\u00e1s, este enfoque pr\u00e1ctico e interactivo promueve un aprendizaje m\u00e1s profundo y habilidades clave como la colaboraci\u00f3n, la creatividad y la resoluci\u00f3n de problemas. Al elaborar su campa\u00f1a de sensibilizaci\u00f3n, los ni\u00f1os trabajan en equipo, desarrollan mensajes con prop\u00f3sito y utilizan su imaginaci\u00f3n para transformar materiales reciclados en herramientas de comunicaci\u00f3n. Todo esto contribuye no solo a su crecimiento acad\u00e9mico, sino tambi\u00e9n a su desarrollo emocional y social, fortaleciendo su confianza y su capacidad para convertirse en ciudadanos activos y responsables.<\/p>\n\n\n\n<figure class=\"wp-block-gallery has-nested-images columns-default is-cropped wp-block-gallery-4 is-layout-flex wp-block-gallery-is-layout-flex\">\n<figure class=\"wp-block-image size-large\"><img decoding=\"async\" data-id=\"23835\" src=\"https:\/\/www.colegiobolivar.edu.co\/website\/wp-content\/uploads\/2024\/10\/WhatsApp-Image-2024-10-18-at-11.07.05-AM-3-1024x768.jpeg\" alt=\"\" class=\"wp-image-23835\"\/><\/figure>\n\n\n\n<figure class=\"wp-block-image size-large\"><img decoding=\"async\" data-id=\"23842\" src=\"https:\/\/www.colegiobolivar.edu.co\/website\/wp-content\/uploads\/2024\/10\/IMG_20241004_083447-768x1024.jpg\" alt=\"\" class=\"wp-image-23842\"\/><\/figure>\n<\/figure>\n\n\n\n<div style=\"height:20px\" aria-hidden=\"true\" class=\"wp-block-spacer\"><\/div>\n\n\n\n<p>En resumen, proyectos como este no solo enriquecen el curr\u00edculo acad\u00e9mico de primaria, sino que siembran las bases de una conciencia ambiental que los acompa\u00f1ar\u00e1 a lo largo de sus vidas, prepar\u00e1ndolos para enfrentar los desaf\u00edos del futuro con un enfoque sostenible.<\/p>\n","protected":false},"excerpt":{"rendered":"<p>Los estudiantes de tercero de primaria, bajo la gu\u00eda del profesor Jaime N\u00fa\u00f1ez, participaron en un proyecto de sensibilizaci\u00f3n sobre temas de sostenibilidad ambiental. La actividad comenz\u00f3 con un recorrido por el campus del Colegio, donde los ni\u00f1os identificaron pr\u00e1cticas que impactan el medio ambiente y reconocieron los esfuerzos actuales por crear un entorno m\u00e1s [&hellip;]<\/p>\n","protected":false},"author":1,"featured_media":0,"comment_status":"open","ping_status":"open","sticky":false,"template":"","format":"standard","meta":{"_acf_changed":false,"footnotes":""},"categories":[1],"tags":[],"class_list":["post-34673","post","type-post","status-publish","format-standard","hentry","category-uncategorized"],"acf":[],"_links":{"self":[{"href":"https:\/\/www.colegiobolivar.edu.co\/website\/wp-json\/wp\/v2\/posts\/34673","targetHints":{"allow":["GET"]}}],"collection":[{"href":"https:\/\/www.colegiobolivar.edu.co\/website\/wp-json\/wp\/v2\/posts"}],"about":[{"href":"https:\/\/www.colegiobolivar.edu.co\/website\/wp-json\/wp\/v2\/types\/post"}],"author":[{"embeddable":true,"href":"https:\/\/www.colegiobolivar.edu.co\/website\/wp-json\/wp\/v2\/users\/1"}],"replies":[{"embeddable":true,"href":"https:\/\/www.colegiobolivar.edu.co\/website\/wp-json\/wp\/v2\/comments?post=34673"}],"version-history":[{"count":0,"href":"https:\/\/www.colegiobolivar.edu.co\/website\/wp-json\/wp\/v2\/posts\/34673\/revisions"}],"wp:attachment":[{"href":"https:\/\/www.colegiobolivar.edu.co\/website\/wp-json\/wp\/v2\/media?parent=34673"}],"wp:term":[{"taxonomy":"category","embeddable":true,"href":"https:\/\/www.colegiobolivar.edu.co\/website\/wp-json\/wp\/v2\/categories?post=34673"},{"taxonomy":"post_tag","embeddable":true,"href":"https:\/\/www.colegiobolivar.edu.co\/website\/wp-json\/wp\/v2\/tags?post=34673"}],"curies":[{"name":"wp","href":"https:\/\/api.w.org\/{rel}","templated":true}]}}