{"id":34675,"date":"2025-10-16T17:54:42","date_gmt":"2025-10-16T17:54:42","guid":{"rendered":"https:\/\/colegiobolivar.edu.co\/website\/index.php\/2025\/10\/16\/exposiciones-de-generos-musicales-una-apuesta-academico-artistica\/"},"modified":"2025-10-16T17:54:42","modified_gmt":"2025-10-16T17:54:42","slug":"exposiciones-de-generos-musicales-una-apuesta-academico-artistica","status":"publish","type":"post","link":"https:\/\/www.colegiobolivar.edu.co\/website\/exposiciones-de-generos-musicales-una-apuesta-academico-artistica\/","title":{"rendered":"Exposiciones de g\u00e9neros musicales: una apuesta acad\u00e9mico-art\u00edstica"},"content":{"rendered":"\n<p>En virtud del desarrollo integral de los estudiantes de octavo grado, se llev\u00f3 a cabo un innovador proyecto enfocado al desarrollo de las habilidades comunicativas a trav\u00e9s de la exposici\u00f3n oral y como eje estructural, el abordaje de diferentes g\u00e9neros musicales. <strong>Esta apuesta pedag\u00f3gica estuvo bajo la gu\u00eda del profesor Samir Jim\u00e9nez Pati\u00f1o<\/strong> quien articul\u00f3 saberes discursivos orales, con la categorizaci\u00f3n de estos g\u00e9neros, a la vez, el ejercicio puso en escena el baile y la interpretaci\u00f3n musical en vivo, permitiendo que los estudiantes no solo profundizaran en el conocimiento de los distintos estilos, sino que tambi\u00e9n pudieran experimentar la m\u00fasica de manera activa a trav\u00e9s de desempe\u00f1os creativos.<\/p>\n\n\n\n<p>El objetivo principal de este proyecto fue la aprehensi\u00f3n por parte de los estudiantes de un discurso oral estructurado a partir de pr\u00e1cticas de b\u00fasqueda, organizaci\u00f3n y presentaci\u00f3n de la informaci\u00f3n de una forma din\u00e1mica y entretenida, pues ellos no solo fueron expositores del tema musical, sino tambi\u00e9n recursos visuales con sus atuendos y aditamentos en complemento con la informaci\u00f3n presentada de cada g\u00e9nero musical.&nbsp; Acompa\u00f1ar la explicaci\u00f3n te\u00f3rica con un performance en vivo demostr\u00f3 ser una metodolog\u00eda eficaz para captar la atenci\u00f3n de los estudiantes y hacer que la m\u00fasica cobrara vida en el sal\u00f3n. Esta fusi\u00f3n entre lo acad\u00e9mico y lo art\u00edstico fomenta una mentalidad innovadora, ya que invita a los estudiantes a explorar nuevas formas de expresi\u00f3n y colaboraci\u00f3n.<\/p>\n\n\n\n<figure class=\"wp-block-gallery has-nested-images columns-default is-cropped wp-block-gallery-1 is-layout-flex wp-block-gallery-is-layout-flex\">\n<figure class=\"wp-block-image size-large\"><img decoding=\"async\" data-id=\"23869\" src=\"https:\/\/www.colegiobolivar.edu.co\/website\/wp-content\/uploads\/2024\/10\/unnamed-1024x768.png\" alt=\"\" class=\"wp-image-23869\"\/><\/figure>\n\n\n\n<figure class=\"wp-block-image size-large\"><img decoding=\"async\" data-id=\"23870\" src=\"https:\/\/www.colegiobolivar.edu.co\/website\/wp-content\/uploads\/2024\/10\/unnamed1-1024x768.png\" alt=\"\" class=\"wp-image-23870\"\/><\/figure>\n\n\n\n<figure class=\"wp-block-image size-large\"><img decoding=\"async\" data-id=\"23868\" src=\"https:\/\/www.colegiobolivar.edu.co\/website\/wp-content\/uploads\/2024\/10\/unnamed3-1024x576.png\" alt=\"\" class=\"wp-image-23868\"\/><\/figure>\n<\/figure>\n\n\n\n<div style=\"height:20px\" aria-hidden=\"true\" class=\"wp-block-spacer\"><\/div>\n\n\n\n<p>A trav\u00e9s de este proyecto, los estudiantes desarrollaron habilidades que van m\u00e1s all\u00e1 del simple entendimiento te\u00f3rico de la m\u00fasica. Al trabajar en equipo para preparar sus exposiciones, aprendieron a coordinar y respetar los diferentes talentos y aportes de sus compa\u00f1eros, promoviendo el trabajo colaborativo. Adem\u00e1s, al presentarse ante sus compa\u00f1eros, fortalecieron su confianza y habilidades de comunicaci\u00f3n como hablar y escuchar y enfrentarse al reto de hablar en p\u00fablico. Otro aspecto importante fue la reflexi\u00f3n sobre el impacto cultural de cada g\u00e9nero musical. Al investigar sus ra\u00edces hist\u00f3ricas y su influencia en la sociedad, los estudiantes lograron establecer conexiones entre la m\u00fasica y los contextos sociales, pol\u00edticos y culturales de cada \u00e9poca. Esto les permiti\u00f3 desarrollar un pensamiento cr\u00edtico y ampliar su visi\u00f3n del mundo.&nbsp;<\/p>\n\n\n\n<p>Finalmente, al estar involucrados en las interpretaciones, muchos estudiantes descubrieron o potenciaron sus habilidades art\u00edsticas, lo que despert\u00f3 en algunos el inter\u00e9s por explorar m\u00e1s a fondo la m\u00fasica, el baile o la actuaci\u00f3n como formas de expresi\u00f3n personal. Este proyecto de Exposiciones de g\u00e9neros musicales no solo ofreci\u00f3 una manera divertida de aprender sobre m\u00fasica, sino que tambi\u00e9n promovi\u00f3 un aprendizaje integral que conecta lo acad\u00e9mico con el desarrollo personal y social de los estudiantes.<\/p>\n","protected":false},"excerpt":{"rendered":"<p>En virtud del desarrollo integral de los estudiantes de octavo grado, se llev\u00f3 a cabo un innovador proyecto enfocado al desarrollo de las habilidades comunicativas a trav\u00e9s de la exposici\u00f3n oral y como eje estructural, el abordaje de diferentes g\u00e9neros musicales. Esta apuesta pedag\u00f3gica estuvo bajo la gu\u00eda del profesor Samir Jim\u00e9nez Pati\u00f1o quien articul\u00f3 [&hellip;]<\/p>\n","protected":false},"author":1,"featured_media":0,"comment_status":"open","ping_status":"open","sticky":false,"template":"","format":"standard","meta":{"_acf_changed":false,"footnotes":""},"categories":[1],"tags":[],"class_list":["post-34675","post","type-post","status-publish","format-standard","hentry","category-uncategorized"],"acf":[],"_links":{"self":[{"href":"https:\/\/www.colegiobolivar.edu.co\/website\/wp-json\/wp\/v2\/posts\/34675","targetHints":{"allow":["GET"]}}],"collection":[{"href":"https:\/\/www.colegiobolivar.edu.co\/website\/wp-json\/wp\/v2\/posts"}],"about":[{"href":"https:\/\/www.colegiobolivar.edu.co\/website\/wp-json\/wp\/v2\/types\/post"}],"author":[{"embeddable":true,"href":"https:\/\/www.colegiobolivar.edu.co\/website\/wp-json\/wp\/v2\/users\/1"}],"replies":[{"embeddable":true,"href":"https:\/\/www.colegiobolivar.edu.co\/website\/wp-json\/wp\/v2\/comments?post=34675"}],"version-history":[{"count":0,"href":"https:\/\/www.colegiobolivar.edu.co\/website\/wp-json\/wp\/v2\/posts\/34675\/revisions"}],"wp:attachment":[{"href":"https:\/\/www.colegiobolivar.edu.co\/website\/wp-json\/wp\/v2\/media?parent=34675"}],"wp:term":[{"taxonomy":"category","embeddable":true,"href":"https:\/\/www.colegiobolivar.edu.co\/website\/wp-json\/wp\/v2\/categories?post=34675"},{"taxonomy":"post_tag","embeddable":true,"href":"https:\/\/www.colegiobolivar.edu.co\/website\/wp-json\/wp\/v2\/tags?post=34675"}],"curies":[{"name":"wp","href":"https:\/\/api.w.org\/{rel}","templated":true}]}}