{"id":34682,"date":"2025-10-16T17:54:42","date_gmt":"2025-10-16T17:54:42","guid":{"rendered":"https:\/\/colegiobolivar.edu.co\/website\/index.php\/2025\/10\/16\/eleccion-de-representantes-estudiantiles-2024\/"},"modified":"2025-10-16T17:54:42","modified_gmt":"2025-10-16T17:54:42","slug":"eleccion-de-representantes-estudiantiles-2024","status":"publish","type":"post","link":"https:\/\/www.colegiobolivar.edu.co\/website\/eleccion-de-representantes-estudiantiles-2024\/","title":{"rendered":"Elecci\u00f3n de Representantes Estudiantiles 2024\u00a0"},"content":{"rendered":"\n<p>En septiembre se celebr\u00f3 la elecci\u00f3n de los representantes estudiantiles del Colegio, un proceso que fomenta el liderazgo y el compromiso de nuestros estudiantes con la comunidad escolar. Adem\u00e1s de la elecci\u00f3n de las personeras estudiantiles, <strong>Elisa Garc\u00eda y Mar\u00eda Uribe<\/strong> de grado 12, tambi\u00e9n se llev\u00f3 a cabo la elecci\u00f3n del Consejo Estudiantil.<\/p>\n\n\n\n<figure class=\"wp-block-image size-full is-resized\"><img decoding=\"async\" src=\"https:\/\/www.colegiobolivar.edu.co\/website\/wp-content\/uploads\/2024\/11\/high6-1.png\" alt=\"\" class=\"wp-image-24154\" style=\"width:759px;height:auto\"\/><\/figure>\n\n\n\n<div style=\"height:20px\" aria-hidden=\"true\" class=\"wp-block-spacer\"><\/div>\n\n\n\n<p>El Consejo Estudiantil es una instancia de participaci\u00f3n clave en el colegio, que permite a los estudiantes ser una voz activa en la toma de decisiones sobre temas que afectan su vida escolar. Sus miembros colaboran con diferentes estamentos del Colegio para impulsar iniciativas y proyectos que beneficien a todos los estudiantes, promoviendo un ambiente inclusivo y participativo.<\/p>\n\n\n\n<p>Los estudiantes elegidos para representar a cada grado en el Consejo Estudiantil son:<\/p>\n\n\n\n<p><strong>Grado 12: <\/strong><\/p>\n\n\n\n<div class=\"wp-block-columns is-layout-flex wp-container-core-columns-is-layout-28f84493 wp-block-columns-is-layout-flex\">\n<div class=\"wp-block-column is-layout-flow wp-block-column-is-layout-flow\">\n<figure class=\"wp-block-image size-full is-resized\"><img decoding=\"async\" src=\"https:\/\/www.colegiobolivar.edu.co\/website\/wp-content\/uploads\/2024\/11\/BERRIO-RUEDA-CAMILA-MON_7788.jpg\" alt=\"\" class=\"wp-image-24155\" style=\"width:155px;height:auto\"\/><figcaption class=\"wp-element-caption\">Camila Berrio<\/figcaption><\/figure>\n<\/div>\n\n\n\n<div class=\"wp-block-column is-layout-flow wp-block-column-is-layout-flow\">\n<figure class=\"wp-block-image size-full is-resized\"><img decoding=\"async\" src=\"https:\/\/www.colegiobolivar.edu.co\/website\/wp-content\/uploads\/2024\/11\/DOMINGUEZ-GARCIA-PEDRO-MON_7843.jpg\" alt=\"\" class=\"wp-image-24156\" style=\"width:155px\"\/><figcaption class=\"wp-element-caption\">Pedro Dom\u00ednguez<\/figcaption><\/figure>\n<\/div>\n<\/div>\n\n\n\n<p> <strong>Grado 11: <\/strong><\/p>\n\n\n\n<div class=\"wp-block-columns is-layout-flex wp-container-core-columns-is-layout-28f84493 wp-block-columns-is-layout-flex\">\n<div class=\"wp-block-column is-layout-flow wp-block-column-is-layout-flow\">\n<figure class=\"wp-block-image size-full is-resized\"><img decoding=\"async\" src=\"https:\/\/www.colegiobolivar.edu.co\/website\/wp-content\/uploads\/2024\/11\/GONZALEZ-RIZO-MARIA-PAULA-MON_8082.jpg\" alt=\"\" class=\"wp-image-24157\" style=\"width:155px\"\/><figcaption class=\"wp-element-caption\">Mar\u00eda Paula Gonz\u00e1lez<\/figcaption><\/figure>\n<\/div>\n\n\n\n<div class=\"wp-block-column is-layout-flow wp-block-column-is-layout-flow\">\n<figure class=\"wp-block-image size-full is-resized\"><img decoding=\"async\" src=\"https:\/\/www.colegiobolivar.edu.co\/website\/wp-content\/uploads\/2024\/11\/GARCES-GONZALEZ-AGUSTIN-MON_0240.jpg\" alt=\"\" class=\"wp-image-24158\" style=\"width:155px\"\/><figcaption class=\"wp-element-caption\">Agust\u00edn Garc\u00e9s<\/figcaption><\/figure>\n<\/div>\n<\/div>\n\n\n\n<p><strong>Grado 10:<\/strong><\/p>\n\n\n\n<div class=\"wp-block-columns is-layout-flex wp-container-core-columns-is-layout-28f84493 wp-block-columns-is-layout-flex\">\n<div class=\"wp-block-column is-layout-flow wp-block-column-is-layout-flow\">\n<figure class=\"wp-block-image size-full is-resized\"><img decoding=\"async\" src=\"https:\/\/www.colegiobolivar.edu.co\/website\/wp-content\/uploads\/2024\/11\/HOLGUIN-GOMEZ-MATEO-MON_0016.jpg\" alt=\"\" class=\"wp-image-24159\" style=\"width:155px\"\/><figcaption class=\"wp-element-caption\">Mateo Holgu\u00edn<\/figcaption><\/figure>\n<\/div>\n\n\n\n<div class=\"wp-block-column is-layout-flow wp-block-column-is-layout-flow\">\n<figure class=\"wp-block-image size-full is-resized\"><img decoding=\"async\" src=\"https:\/\/www.colegiobolivar.edu.co\/website\/wp-content\/uploads\/2024\/11\/PERNETT-BUENO-EMANUEL-MON_9973.jpg\" alt=\"\" class=\"wp-image-24160\" style=\"width:155px\"\/><figcaption class=\"wp-element-caption\">Emmanuel Pernett<\/figcaption><\/figure>\n<\/div>\n<\/div>\n\n\n\n<p><strong>Grado 9: <\/strong><\/p>\n\n\n\n<div class=\"wp-block-columns is-layout-flex wp-container-core-columns-is-layout-28f84493 wp-block-columns-is-layout-flex\">\n<div class=\"wp-block-column is-layout-flow wp-block-column-is-layout-flow\">\n<figure class=\"wp-block-image size-full is-resized\"><img decoding=\"async\" src=\"https:\/\/www.colegiobolivar.edu.co\/website\/wp-content\/uploads\/2024\/11\/MALCA-ROZENTAL-SALOMON-MON_0150.jpg\" alt=\"\" class=\"wp-image-24161\" style=\"width:155px\"\/><figcaption class=\"wp-element-caption\">Salom\u00f3n Malca <\/figcaption><\/figure>\n<\/div>\n\n\n\n<div class=\"wp-block-column is-layout-flow wp-block-column-is-layout-flow\">\n<figure class=\"wp-block-image size-full is-resized\"><img decoding=\"async\" src=\"https:\/\/www.colegiobolivar.edu.co\/website\/wp-content\/uploads\/2024\/11\/GONZALES-RIZO-JUAN-MARTIN-MON_0127.jpg\" alt=\"\" class=\"wp-image-24162\" style=\"width:155px\"\/><figcaption class=\"wp-element-caption\">Juan Mart\u00edn Gonz\u00e1lez<\/figcaption><\/figure>\n<\/div>\n<\/div>\n\n\n\n<h2 class=\"wp-block-heading\">Felicitamos a todos los elegidos y confiamos en que sus aportes ser\u00e1n fundamentales para fortalecer la convivencia y el sentido de comunidad Bol\u00edvar. \u00a1Les deseamos mucho \u00e9xito en este nuevo rol!<\/h2>\n","protected":false},"excerpt":{"rendered":"<p>En septiembre se celebr\u00f3 la elecci\u00f3n de los representantes estudiantiles del Colegio, un proceso que fomenta el liderazgo y el compromiso de nuestros estudiantes con la comunidad escolar. Adem\u00e1s de la elecci\u00f3n de las personeras estudiantiles, Elisa Garc\u00eda y Mar\u00eda Uribe de grado 12, tambi\u00e9n se llev\u00f3 a cabo la elecci\u00f3n del Consejo Estudiantil. El [&hellip;]<\/p>\n","protected":false},"author":1,"featured_media":0,"comment_status":"open","ping_status":"open","sticky":false,"template":"","format":"standard","meta":{"_acf_changed":false,"footnotes":""},"categories":[1],"tags":[],"class_list":["post-34682","post","type-post","status-publish","format-standard","hentry","category-uncategorized"],"acf":[],"_links":{"self":[{"href":"https:\/\/www.colegiobolivar.edu.co\/website\/wp-json\/wp\/v2\/posts\/34682","targetHints":{"allow":["GET"]}}],"collection":[{"href":"https:\/\/www.colegiobolivar.edu.co\/website\/wp-json\/wp\/v2\/posts"}],"about":[{"href":"https:\/\/www.colegiobolivar.edu.co\/website\/wp-json\/wp\/v2\/types\/post"}],"author":[{"embeddable":true,"href":"https:\/\/www.colegiobolivar.edu.co\/website\/wp-json\/wp\/v2\/users\/1"}],"replies":[{"embeddable":true,"href":"https:\/\/www.colegiobolivar.edu.co\/website\/wp-json\/wp\/v2\/comments?post=34682"}],"version-history":[{"count":0,"href":"https:\/\/www.colegiobolivar.edu.co\/website\/wp-json\/wp\/v2\/posts\/34682\/revisions"}],"wp:attachment":[{"href":"https:\/\/www.colegiobolivar.edu.co\/website\/wp-json\/wp\/v2\/media?parent=34682"}],"wp:term":[{"taxonomy":"category","embeddable":true,"href":"https:\/\/www.colegiobolivar.edu.co\/website\/wp-json\/wp\/v2\/categories?post=34682"},{"taxonomy":"post_tag","embeddable":true,"href":"https:\/\/www.colegiobolivar.edu.co\/website\/wp-json\/wp\/v2\/tags?post=34682"}],"curies":[{"name":"wp","href":"https:\/\/api.w.org\/{rel}","templated":true}]}}