{"id":34684,"date":"2025-10-16T17:54:42","date_gmt":"2025-10-16T17:54:42","guid":{"rendered":"https:\/\/colegiobolivar.edu.co\/website\/index.php\/2025\/10\/16\/exhibicion-mafalda-60-anos-un-homenaje-a-un-icono-cultural\/"},"modified":"2025-10-16T17:54:42","modified_gmt":"2025-10-16T17:54:42","slug":"exhibicion-mafalda-60-anos-un-homenaje-a-un-icono-cultural","status":"publish","type":"post","link":"https:\/\/www.colegiobolivar.edu.co\/website\/exhibicion-mafalda-60-anos-un-homenaje-a-un-icono-cultural\/","title":{"rendered":"Exhibici\u00f3n Mafalda 60 A\u00f1os: un homenaje a un \u00edcono cultural"},"content":{"rendered":"\n<p>Este mes, nuestra biblioteca rinde homenaje a Mafalda, la inolvidable ni\u00f1a que, con su curiosidad y visi\u00f3n cr\u00edtica, ha conquistado corazones y mentes desde hace seis d\u00e9cadas. En esta exhibici\u00f3n, celebramos los 60 a\u00f1os de este entra\u00f1able personaje creado por Quino, un \u00edcono de la cultura hispana cuyo ingenio sigue siendo tan relevante y actual como el primer d\u00eda.<\/p>\n\n\n\n<p>Los visitantes podr\u00e1n explorar la historia de Mafalda, sus tiras c\u00f3micas m\u00e1s emblem\u00e1ticas y el profundo impacto cultural que ha tenido en varias generaciones. A trav\u00e9s de paneles y materiales originales, te invitamos a redescubrir sus agudas reflexiones sobre temas universales, que invitan a pensar y a re\u00edr.<\/p>\n\n\n\n<p>No te pierdas la oportunidad de celebrar con nosotros a este \u00edcono irrepetible de la literatura gr\u00e1fica. \u00a1Mafalda te espera en la biblioteca!<\/p>\n","protected":false},"excerpt":{"rendered":"<p>Este mes, nuestra biblioteca rinde homenaje a Mafalda, la inolvidable ni\u00f1a que, con su curiosidad y visi\u00f3n cr\u00edtica, ha conquistado corazones y mentes desde hace seis d\u00e9cadas. En esta exhibici\u00f3n, celebramos los 60 a\u00f1os de este entra\u00f1able personaje creado por Quino, un \u00edcono de la cultura hispana cuyo ingenio sigue siendo tan relevante y actual [&hellip;]<\/p>\n","protected":false},"author":1,"featured_media":0,"comment_status":"open","ping_status":"open","sticky":false,"template":"","format":"standard","meta":{"_acf_changed":false,"footnotes":""},"categories":[1],"tags":[],"class_list":["post-34684","post","type-post","status-publish","format-standard","hentry","category-uncategorized"],"acf":[],"_links":{"self":[{"href":"https:\/\/www.colegiobolivar.edu.co\/website\/wp-json\/wp\/v2\/posts\/34684","targetHints":{"allow":["GET"]}}],"collection":[{"href":"https:\/\/www.colegiobolivar.edu.co\/website\/wp-json\/wp\/v2\/posts"}],"about":[{"href":"https:\/\/www.colegiobolivar.edu.co\/website\/wp-json\/wp\/v2\/types\/post"}],"author":[{"embeddable":true,"href":"https:\/\/www.colegiobolivar.edu.co\/website\/wp-json\/wp\/v2\/users\/1"}],"replies":[{"embeddable":true,"href":"https:\/\/www.colegiobolivar.edu.co\/website\/wp-json\/wp\/v2\/comments?post=34684"}],"version-history":[{"count":0,"href":"https:\/\/www.colegiobolivar.edu.co\/website\/wp-json\/wp\/v2\/posts\/34684\/revisions"}],"wp:attachment":[{"href":"https:\/\/www.colegiobolivar.edu.co\/website\/wp-json\/wp\/v2\/media?parent=34684"}],"wp:term":[{"taxonomy":"category","embeddable":true,"href":"https:\/\/www.colegiobolivar.edu.co\/website\/wp-json\/wp\/v2\/categories?post=34684"},{"taxonomy":"post_tag","embeddable":true,"href":"https:\/\/www.colegiobolivar.edu.co\/website\/wp-json\/wp\/v2\/tags?post=34684"}],"curies":[{"name":"wp","href":"https:\/\/api.w.org\/{rel}","templated":true}]}}