{"id":34686,"date":"2025-10-16T17:54:42","date_gmt":"2025-10-16T17:54:42","guid":{"rendered":"https:\/\/colegiobolivar.edu.co\/website\/index.php\/2025\/10\/16\/charla-sobre-cultura-japonesa-con-antonia-sanin\/"},"modified":"2025-10-16T17:54:42","modified_gmt":"2025-10-16T17:54:42","slug":"charla-sobre-cultura-japonesa-con-antonia-sanin","status":"publish","type":"post","link":"https:\/\/www.colegiobolivar.edu.co\/website\/charla-sobre-cultura-japonesa-con-antonia-sanin\/","title":{"rendered":"Charla sobre Cultura Japonesa con Antonia San\u00edn"},"content":{"rendered":"\n<p>En noviembre, la biblioteca Martin Felton ser\u00e1 el escenario de una charla especial sobre la cultura japonesa, dirigida por Antonia San\u00edn, reconocida autora de la famosa colecci\u00f3n del detective Equis e invitada destacada de la Feria del Libro de Cali. Este a\u00f1o, Jap\u00f3n es el pa\u00eds homenajeado, y no hay mejor manera de sumergirse en su fascinante cultura que con una experta como ella.<\/p>\n\n\n\n<p>\u00a1Mant\u00e9ngase atento a nuestras redes sociales y p\u00e1gina web para m\u00e1s detalles y no te pierdas esta oportunidad \u00fanica de explorar Jap\u00f3n de la mano de Antonia San\u00edn!<\/p>\n","protected":false},"excerpt":{"rendered":"<p>En noviembre, la biblioteca Martin Felton ser\u00e1 el escenario de una charla especial sobre la cultura japonesa, dirigida por Antonia San\u00edn, reconocida autora de la famosa colecci\u00f3n del detective Equis e invitada destacada de la Feria del Libro de Cali. Este a\u00f1o, Jap\u00f3n es el pa\u00eds homenajeado, y no hay mejor manera de sumergirse en [&hellip;]<\/p>\n","protected":false},"author":1,"featured_media":0,"comment_status":"open","ping_status":"open","sticky":false,"template":"","format":"standard","meta":{"_acf_changed":false,"footnotes":""},"categories":[1],"tags":[],"class_list":["post-34686","post","type-post","status-publish","format-standard","hentry","category-uncategorized"],"acf":[],"_links":{"self":[{"href":"https:\/\/www.colegiobolivar.edu.co\/website\/wp-json\/wp\/v2\/posts\/34686","targetHints":{"allow":["GET"]}}],"collection":[{"href":"https:\/\/www.colegiobolivar.edu.co\/website\/wp-json\/wp\/v2\/posts"}],"about":[{"href":"https:\/\/www.colegiobolivar.edu.co\/website\/wp-json\/wp\/v2\/types\/post"}],"author":[{"embeddable":true,"href":"https:\/\/www.colegiobolivar.edu.co\/website\/wp-json\/wp\/v2\/users\/1"}],"replies":[{"embeddable":true,"href":"https:\/\/www.colegiobolivar.edu.co\/website\/wp-json\/wp\/v2\/comments?post=34686"}],"version-history":[{"count":0,"href":"https:\/\/www.colegiobolivar.edu.co\/website\/wp-json\/wp\/v2\/posts\/34686\/revisions"}],"wp:attachment":[{"href":"https:\/\/www.colegiobolivar.edu.co\/website\/wp-json\/wp\/v2\/media?parent=34686"}],"wp:term":[{"taxonomy":"category","embeddable":true,"href":"https:\/\/www.colegiobolivar.edu.co\/website\/wp-json\/wp\/v2\/categories?post=34686"},{"taxonomy":"post_tag","embeddable":true,"href":"https:\/\/www.colegiobolivar.edu.co\/website\/wp-json\/wp\/v2\/tags?post=34686"}],"curies":[{"name":"wp","href":"https:\/\/api.w.org\/{rel}","templated":true}]}}