{"id":34702,"date":"2025-10-16T17:54:47","date_gmt":"2025-10-16T17:54:47","guid":{"rendered":"https:\/\/colegiobolivar.edu.co\/website\/index.php\/2025\/10\/16\/el-museo-del-atelier-un-cierre-significativo-para-los-estudiantes-de-primer-grado\/"},"modified":"2025-10-16T17:54:47","modified_gmt":"2025-10-16T17:54:47","slug":"el-museo-del-atelier-un-cierre-significativo-para-los-estudiantes-de-primer-grado","status":"publish","type":"post","link":"https:\/\/www.colegiobolivar.edu.co\/website\/el-museo-del-atelier-un-cierre-significativo-para-los-estudiantes-de-primer-grado\/","title":{"rendered":"El Museo del Atelier: un cierre significativo para los estudiantes de Primer Grado"},"content":{"rendered":"\n<p><strong>El Museo del Atelier para Primer Grado ser\u00e1 un evento especial que se llevar\u00e1 a cabo el pr\u00f3ximo 3 de diciembre junto a los padres. Entre el 4 y el 6 de diciembre, la exposici\u00f3n estar\u00e1 abierta para toda la Comunidad Bol\u00edvar.<\/strong><\/p>\n\n\n\n<p>Este museo tiene un significado \u00fanico, ya que representa el cierre del ciclo en el Atelier para los estudiantes de primero, quienes no volver\u00e1n a tener clases en este espacio durante el resto del a\u00f1o ni en los grados futuros.<\/p>\n\n\n\n<p>Cada secci\u00f3n de primer grado presentar\u00e1 un proyecto con un tema diferente:<\/p>\n\n\n\n<p><strong>Primero A: La caba\u00f1a<\/strong><\/p>\n\n\n\n<p><strong>Primero B: Transformaciones<\/strong><\/p>\n\n\n\n<p><strong>Primero C: El zool\u00f3gico<\/strong><\/p>\n\n\n\n<p><strong>Primero D: El concierto<\/strong><\/p>\n\n\n\n<p><strong>Primero E: Restaurante \u00abLas Delicias de 1E\u00bb<\/strong><\/p>\n\n\n\n<p>Adicionalmente, en diciembre se realizar\u00e1 la entrega del Atelier para los ni\u00f1os desde Primero hasta K\u00ednder 4, un evento lleno de emociones cuya fecha est\u00e1 por confirmarse.<\/p>\n\n\n\n<p>\u00a1Los esperamos para celebrar este importante cierre con nuestros estudiantes y sus familias!<\/p>\n","protected":false},"excerpt":{"rendered":"<p>El Museo del Atelier para Primer Grado ser\u00e1 un evento especial que se llevar\u00e1 a cabo el pr\u00f3ximo 3 de diciembre junto a los padres. Entre el 4 y el 6 de diciembre, la exposici\u00f3n estar\u00e1 abierta para toda la Comunidad Bol\u00edvar. Este museo tiene un significado \u00fanico, ya que representa el cierre del ciclo [&hellip;]<\/p>\n","protected":false},"author":1,"featured_media":0,"comment_status":"open","ping_status":"open","sticky":false,"template":"","format":"standard","meta":{"_acf_changed":false,"footnotes":""},"categories":[1],"tags":[],"class_list":["post-34702","post","type-post","status-publish","format-standard","hentry","category-uncategorized"],"acf":[],"_links":{"self":[{"href":"https:\/\/www.colegiobolivar.edu.co\/website\/wp-json\/wp\/v2\/posts\/34702","targetHints":{"allow":["GET"]}}],"collection":[{"href":"https:\/\/www.colegiobolivar.edu.co\/website\/wp-json\/wp\/v2\/posts"}],"about":[{"href":"https:\/\/www.colegiobolivar.edu.co\/website\/wp-json\/wp\/v2\/types\/post"}],"author":[{"embeddable":true,"href":"https:\/\/www.colegiobolivar.edu.co\/website\/wp-json\/wp\/v2\/users\/1"}],"replies":[{"embeddable":true,"href":"https:\/\/www.colegiobolivar.edu.co\/website\/wp-json\/wp\/v2\/comments?post=34702"}],"version-history":[{"count":0,"href":"https:\/\/www.colegiobolivar.edu.co\/website\/wp-json\/wp\/v2\/posts\/34702\/revisions"}],"wp:attachment":[{"href":"https:\/\/www.colegiobolivar.edu.co\/website\/wp-json\/wp\/v2\/media?parent=34702"}],"wp:term":[{"taxonomy":"category","embeddable":true,"href":"https:\/\/www.colegiobolivar.edu.co\/website\/wp-json\/wp\/v2\/categories?post=34702"},{"taxonomy":"post_tag","embeddable":true,"href":"https:\/\/www.colegiobolivar.edu.co\/website\/wp-json\/wp\/v2\/tags?post=34702"}],"curies":[{"name":"wp","href":"https:\/\/api.w.org\/{rel}","templated":true}]}}