{"id":34763,"date":"2025-10-16T17:54:59","date_gmt":"2025-10-16T17:54:59","guid":{"rendered":"https:\/\/colegiobolivar.edu.co\/website\/index.php\/2025\/10\/16\/balance-del-foro-bolivar-2025-una-edicion-para-la-historia\/"},"modified":"2025-10-16T17:54:59","modified_gmt":"2025-10-16T17:54:59","slug":"balance-del-foro-bolivar-2025-una-edicion-para-la-historia","status":"publish","type":"post","link":"https:\/\/www.colegiobolivar.edu.co\/website\/balance-del-foro-bolivar-2025-una-edicion-para-la-historia\/","title":{"rendered":"Balance del Foro Bol\u00edvar 2025: \u00a1una edici\u00f3n para la historia!"},"content":{"rendered":"\n<p>Nuestra versi\u00f3n&nbsp;#15&nbsp;del Foro Bol\u00edvar reuni\u00f3 a 16 colegios de 11 ciudades de Colombia y 10 colegios de 5 pa\u00edses de Am\u00e9rica Latina.&nbsp;<\/p>\n\n\n\n<p>Con ponentes internacionales de Escocia y Estados Unidos y m\u00e1s de 60 talleres acad\u00e9micos, la experiencia fue todo un \u00e9xito.&nbsp;<\/p>\n\n\n\n<p>Entre otros temas, Ewan McIntosh, CEO de <a href=\"https:\/\/notosh.com\/\">NoTosh<\/a>, se refiri\u00f3 a la preparaci\u00f3n, la acreditaci\u00f3n y el cambio de mentalidad que necesitan los educadores para transformar la ense\u00f1anza en el siglo XXI.<\/p>\n\n\n\n<figure class=\"wp-block-embed is-type-video is-provider-vimeo wp-block-embed-vimeo wp-embed-aspect-9-16 wp-has-aspect-ratio\"><div class=\"wp-block-embed__wrapper\">\nhttps:\/\/vimeo.com\/1067499299?turnstile=0.GpgATy2kdxOtpktikOdXE0et7aUeYXOuIycJ5bZJtID24jNOvDaF14eaUPIqH2wIVQegoKklHC5Kh_XSk4LA4Jp4QmKnJiu-rlg-HUGOJXPOJZR3rtmOx9drZmE-UQt0A0iNZjww6_8X462H3WaLCRsNTJdH5GXAL88Y-ZQA1VZMU7kPlqoTNshPcp6AlFCI4P7yKWA2yayCEmi3PEzCUmtUnFrK6FgHLGsF1XTCPzISh4sb8DMcLEhcjOAcE2t52vOF6lxEEYeFdA6WTyoIxSDRdlSqp4L9N7nb9de09HXClqjVRP0idr5c5FAqxD5e21stssIY_PS_E65fmuY3_42fwOuzZ1LWWuJC0UqCCHSG3g06wDcEZsP5CfcA5OQ_wsfc5FxmR1mypfL0qYS4P1XCuhmraMsQFgsrun1ZgUJvZpdhONnKEmrMEmXW_8k_V1lpW4DeLbXiOXCssHiBhZacr1M2surWUTCjejbiCQMavsfutNIIytW71cxTe4ll1RNzCHWoqPg_dkiq&#8211;2k9pQC-Uv2BYgr3C6BDfEw3UcQyqmHunaVIo3RWyIoTAM9_T_d0JmThlX-2Pwt9x5msmo4DkozLvyTvGzCfHt5fH7p360_TJkRjaTFeWLwD3pX1WGznTuRZ-Ou55S-iy-4RjLo9lKS22cDnrJoYAo8swewD6gN18HO2xfTumUeZw864FWRpU39ShAdwrCVDLAVNaUKAyfOvaL-X0z6otgUEcvg-BhTAaECuou0dHUXTXmUtq3g5bvt6tQ7iWRSwPpJsPTWyppksB8jKAupB-gJgieYKnfV8ClATN5u35oP6kTqKP6z2XJfE8u4uoV4dtebAQ.CiroF3Pqo44hlaWKsEx6PQ.6b579fff3dc2065fb48a20ae3f53fd286bf46998ec2db4a32a54d080a0b84f51\n<\/div><\/figure>\n\n\n\n<div style=\"height:20px\" aria-hidden=\"true\" class=\"wp-block-spacer\"><\/div>\n\n\n\n<p>Por su parte, David C. Virtue, profesor de la Western Carolina University, centr\u00f3 su ponencia al proceso de escribir para lograr una publicaci\u00f3n y habl\u00f3 sobre la importancia de la colaboraci\u00f3n entre colegios y universidades para elevar la calidad educativa.<\/p>\n\n\n\n<figure class=\"wp-block-embed is-type-video is-provider-vimeo wp-block-embed-vimeo wp-embed-aspect-9-16 wp-has-aspect-ratio\"><div class=\"wp-block-embed__wrapper\">\nhttps:\/\/vimeo.com\/1067499507\n<\/div><\/figure>\n\n\n\n<div style=\"height:20px\" aria-hidden=\"true\" class=\"wp-block-spacer\"><\/div>\n\n\n\n<p>Las encuestas de retroalimentaci\u00f3n confirman altos niveles de satisfacci\u00f3n por parte de los participantes, y en el Colegio Bol\u00edvar sentimos un gran orgullo y gratitud por la incre\u00edble participaci\u00f3n de nuestra Comunidad. Al respecto, el dr. David Fayad, director de aprendizaje del Colegio, entreg\u00f3 un balance muy positivo:<\/p>\n\n\n\n<figure class=\"wp-block-embed is-type-video is-provider-vimeo wp-block-embed-vimeo wp-embed-aspect-9-16 wp-has-aspect-ratio\"><div class=\"wp-block-embed__wrapper\">\nhttps:\/\/vimeo.com\/1067499214\n<\/div><\/figure>\n\n\n\n<div style=\"height:20px\" aria-hidden=\"true\" class=\"wp-block-spacer\"><\/div>\n\n\n\n<p>Gracias a todos los asistentes, ponentes y organizadores por hacer posible este evento transformador y un reconocimiento especial a nuestros patrocinadores: Tri-Association, Western Carolina University y Tecnoqu\u00edmicas.<\/p>\n\n\n\n<div class=\"wp-block-buttons is-layout-flex wp-block-buttons-is-layout-flex\">\n<div class=\"wp-block-button\"><a class=\"wp-block-button__link has-white-color has-bolivar-blue-background-color has-text-color has-background has-link-color wp-element-button\" href=\"https:\/\/www.google.com\/url?q=https:\/\/www.colegiobolivar.edu.co\/website\/es\/memorias-cb-forum&amp;sa=D&amp;source=docs&amp;ust=1742420867847781&amp;usg=AOvVaw35j3Pjjr1dS2FgbZ8SadkL\"><strong>Descargue aqu\u00ed las memorias completas del Foro<\/strong><\/a><\/div>\n<\/div>\n","protected":false},"excerpt":{"rendered":"<p>Nuestra versi\u00f3n&nbsp;#15&nbsp;del Foro Bol\u00edvar reuni\u00f3 a 16 colegios de 11 ciudades de Colombia y 10 colegios de 5 pa\u00edses de Am\u00e9rica Latina.&nbsp; Con ponentes internacionales de Escocia y Estados Unidos y m\u00e1s de 60 talleres acad\u00e9micos, la experiencia fue todo un \u00e9xito.&nbsp; Entre otros temas, Ewan McIntosh, CEO de NoTosh, se refiri\u00f3 a la preparaci\u00f3n, [&hellip;]<\/p>\n","protected":false},"author":1,"featured_media":0,"comment_status":"open","ping_status":"open","sticky":false,"template":"","format":"standard","meta":{"_acf_changed":false,"footnotes":""},"categories":[1],"tags":[],"class_list":["post-34763","post","type-post","status-publish","format-standard","hentry","category-uncategorized"],"acf":[],"_links":{"self":[{"href":"https:\/\/www.colegiobolivar.edu.co\/website\/wp-json\/wp\/v2\/posts\/34763","targetHints":{"allow":["GET"]}}],"collection":[{"href":"https:\/\/www.colegiobolivar.edu.co\/website\/wp-json\/wp\/v2\/posts"}],"about":[{"href":"https:\/\/www.colegiobolivar.edu.co\/website\/wp-json\/wp\/v2\/types\/post"}],"author":[{"embeddable":true,"href":"https:\/\/www.colegiobolivar.edu.co\/website\/wp-json\/wp\/v2\/users\/1"}],"replies":[{"embeddable":true,"href":"https:\/\/www.colegiobolivar.edu.co\/website\/wp-json\/wp\/v2\/comments?post=34763"}],"version-history":[{"count":0,"href":"https:\/\/www.colegiobolivar.edu.co\/website\/wp-json\/wp\/v2\/posts\/34763\/revisions"}],"wp:attachment":[{"href":"https:\/\/www.colegiobolivar.edu.co\/website\/wp-json\/wp\/v2\/media?parent=34763"}],"wp:term":[{"taxonomy":"category","embeddable":true,"href":"https:\/\/www.colegiobolivar.edu.co\/website\/wp-json\/wp\/v2\/categories?post=34763"},{"taxonomy":"post_tag","embeddable":true,"href":"https:\/\/www.colegiobolivar.edu.co\/website\/wp-json\/wp\/v2\/tags?post=34763"}],"curies":[{"name":"wp","href":"https:\/\/api.w.org\/{rel}","templated":true}]}}