{"id":34764,"date":"2025-10-16T17:54:59","date_gmt":"2025-10-16T17:54:59","guid":{"rendered":"https:\/\/colegiobolivar.edu.co\/website\/index.php\/2025\/10\/16\/el-colegio-bolivar-presente-en-el-modelo-onu-asobilca\/"},"modified":"2025-10-16T17:54:59","modified_gmt":"2025-10-16T17:54:59","slug":"el-colegio-bolivar-presente-en-el-modelo-onu-asobilca","status":"publish","type":"post","link":"https:\/\/www.colegiobolivar.edu.co\/website\/el-colegio-bolivar-presente-en-el-modelo-onu-asobilca\/","title":{"rendered":"El Colegio Bol\u00edvar presente en el Modelo ONU Asobilca"},"content":{"rendered":"\n<figure class=\"wp-block-image size-large\"><img decoding=\"async\" src=\"https:\/\/www.colegiobolivar.edu.co\/website\/wp-content\/uploads\/2025\/03\/Secretariado-ASOBILCA-K2025-1024x590.png\" alt=\"\" class=\"wp-image-30421\"\/><\/figure>\n\n\n\n<div style=\"height:20px\" aria-hidden=\"true\" class=\"wp-block-spacer\"><\/div>\n\n\n\n<p>Del <strong>3 al 5 de abril, nuestros estudiantes de Middle y High School representar\u00e1n al Colegio Bol\u00edvar en la XXXI edici\u00f3n del Modelo ONU Asobilca, que se llevar\u00e1 a cabo en el Colegio Colombo Brit\u00e1nico. <\/strong>Este evento, que re\u00fane a los principales colegios biling\u00fces de Cali, es una oportunidad invaluable para que los j\u00f3venes desarrollen habilidades de debate, diplomacia y pensamiento cr\u00edtico para asumir el rol de delegados de distintos pa\u00edses.<\/p>\n\n\n\n<figure class=\"wp-block-gallery has-nested-images columns-default is-cropped wp-block-gallery-1 is-layout-flex wp-block-gallery-is-layout-flex\">\n<figure class=\"wp-block-image size-large\"><img decoding=\"async\" data-id=\"30422\" src=\"https:\/\/www.colegiobolivar.edu.co\/website\/wp-content\/uploads\/2025\/03\/Secretariado-ASOBILCA-2025-3.png\" alt=\"\" class=\"wp-image-30422\"\/><\/figure>\n<\/figure>\n\n\n\n<div style=\"height:20px\" aria-hidden=\"true\" class=\"wp-block-spacer\"><\/div>\n\n\n\n<p>Este a\u00f1o, nuestro equipo estar\u00e1 conformado por <strong>34 estudiantes, incluyendo 22 delegados, cinco miembros de prensa, cinco Presidentes y dos miembros del Secretariado. <\/strong>Nos llena de orgullo que la <strong>Secretaria General del Modelo sea Mariana Paredes,<\/strong> estudiante de grado 12 de nuestro Colegio, y que <strong>Tom\u00e1s Ot\u00e1lvaro desempe\u00f1e el rol de Asesor General.<\/strong><\/p>\n\n\n\n<figure class=\"wp-block-image size-large\"><img decoding=\"async\" src=\"https:\/\/www.colegiobolivar.edu.co\/website\/wp-content\/uploads\/2025\/03\/Secretariado-ASOBILCA-2025-1024x519.jpg\" alt=\"\" class=\"wp-image-30429\"\/><\/figure>\n\n\n\n<div style=\"height:20px\" aria-hidden=\"true\" class=\"wp-block-spacer\"><\/div>\n\n\n\n<p>El Modelo ONU no solo es una plataforma para discutir temas globales, sino tambi\u00e9n un espacio de crecimiento personal y liderazgo. Felicitamos a nuestros estudiantes por su dedicaci\u00f3n y les deseamos una experiencia enriquecedora que, sin duda, dejar\u00e1 huella en su formaci\u00f3n acad\u00e9mica y personal. \u00a1Vamos Bol\u00edvar!<\/p>\n\n\n\n<figure class=\"wp-block-image size-large\"><img decoding=\"async\" src=\"https:\/\/www.colegiobolivar.edu.co\/website\/wp-content\/uploads\/2025\/03\/Secretariado-ASOBILCA-2025-2-1024x500.png\" alt=\"\" class=\"wp-image-30424\"\/><\/figure>\n","protected":false},"excerpt":{"rendered":"<p>Del 3 al 5 de abril, nuestros estudiantes de Middle y High School representar\u00e1n al Colegio Bol\u00edvar en la XXXI edici\u00f3n del Modelo ONU Asobilca, que se llevar\u00e1 a cabo en el Colegio Colombo Brit\u00e1nico. Este evento, que re\u00fane a los principales colegios biling\u00fces de Cali, es una oportunidad invaluable para que los j\u00f3venes desarrollen [&hellip;]<\/p>\n","protected":false},"author":1,"featured_media":0,"comment_status":"open","ping_status":"open","sticky":false,"template":"","format":"standard","meta":{"_acf_changed":false,"footnotes":""},"categories":[1],"tags":[],"class_list":["post-34764","post","type-post","status-publish","format-standard","hentry","category-uncategorized"],"acf":[],"_links":{"self":[{"href":"https:\/\/www.colegiobolivar.edu.co\/website\/wp-json\/wp\/v2\/posts\/34764","targetHints":{"allow":["GET"]}}],"collection":[{"href":"https:\/\/www.colegiobolivar.edu.co\/website\/wp-json\/wp\/v2\/posts"}],"about":[{"href":"https:\/\/www.colegiobolivar.edu.co\/website\/wp-json\/wp\/v2\/types\/post"}],"author":[{"embeddable":true,"href":"https:\/\/www.colegiobolivar.edu.co\/website\/wp-json\/wp\/v2\/users\/1"}],"replies":[{"embeddable":true,"href":"https:\/\/www.colegiobolivar.edu.co\/website\/wp-json\/wp\/v2\/comments?post=34764"}],"version-history":[{"count":0,"href":"https:\/\/www.colegiobolivar.edu.co\/website\/wp-json\/wp\/v2\/posts\/34764\/revisions"}],"wp:attachment":[{"href":"https:\/\/www.colegiobolivar.edu.co\/website\/wp-json\/wp\/v2\/media?parent=34764"}],"wp:term":[{"taxonomy":"category","embeddable":true,"href":"https:\/\/www.colegiobolivar.edu.co\/website\/wp-json\/wp\/v2\/categories?post=34764"},{"taxonomy":"post_tag","embeddable":true,"href":"https:\/\/www.colegiobolivar.edu.co\/website\/wp-json\/wp\/v2\/tags?post=34764"}],"curies":[{"name":"wp","href":"https:\/\/api.w.org\/{rel}","templated":true}]}}