{"id":34880,"date":"2025-10-16T18:10:11","date_gmt":"2025-10-16T18:10:11","guid":{"rendered":"https:\/\/colegiobolivar.edu.co\/website\/tribusora-a-toda-hora-un-espacio-radial-para-la-creatividad-estudiantil\/"},"modified":"2025-10-16T18:10:11","modified_gmt":"2025-10-16T18:10:11","slug":"tribusora-a-toda-hora-un-espacio-radial-para-la-creatividad-estudiantil","status":"publish","type":"post","link":"https:\/\/www.colegiobolivar.edu.co\/website\/tribusora-a-toda-hora-un-espacio-radial-para-la-creatividad-estudiantil\/","title":{"rendered":"\u00a1Tribusora a Toda Hora! Un Espacio Radial para la Creatividad Estudiantil"},"content":{"rendered":"\n<p>Tribusora \u00a1a toda Hora! es un programa radial, que surge a partir de la integraci\u00f3n de las \u00e1reas de Periodismo &amp; ICT, a partir de la idea de Jorge Iv\u00e1n Moreno, uno de nuestros estudiantes de la clase Periodismo. El programa se emite por los altavoces del Colegio todas las semanas durante el break y en \u00e9l participan estudiantes de High School y Middle School. Pr\u00f3ximamente Primaria tambi\u00e9n tendr\u00e1 su propio espacio, que se llamar\u00e1 Tribusora Kids.<\/p>\n\n\n\n<figure class=\"wp-block-gallery has-nested-images columns-default is-cropped wp-block-gallery-1 is-layout-flex wp-block-gallery-is-layout-flex\">\n<figure class=\"wp-block-image size-large\"><img fetchpriority=\"high\" decoding=\"async\" width=\"738\" height=\"601\" data-id=\"20802\" src=\"https:\/\/www.colegiobolivar.edu.co\/website\/wp-content\/uploads\/2024\/03\/tribusora-2.jpg\" alt=\"\" class=\"wp-image-20802\" srcset=\"https:\/\/www.colegiobolivar.edu.co\/website\/wp-content\/uploads\/2024\/03\/tribusora-2.jpg 738w, https:\/\/www.colegiobolivar.edu.co\/website\/wp-content\/uploads\/2024\/03\/tribusora-2-300x244.jpg 300w\" sizes=\"(max-width: 738px) 100vw, 738px\" \/><\/figure>\n\n\n\n<figure class=\"wp-block-image size-large\"><img decoding=\"async\" width=\"738\" height=\"984\" data-id=\"20803\" src=\"https:\/\/www.colegiobolivar.edu.co\/website\/wp-content\/uploads\/2024\/03\/tribusora-4.jpg\" alt=\"\" class=\"wp-image-20803\" srcset=\"https:\/\/www.colegiobolivar.edu.co\/website\/wp-content\/uploads\/2024\/03\/tribusora-4.jpg 738w, https:\/\/www.colegiobolivar.edu.co\/website\/wp-content\/uploads\/2024\/03\/tribusora-4-225x300.jpg 225w\" sizes=\"(max-width: 738px) 100vw, 738px\" \/><\/figure>\n\n\n\n<figure class=\"wp-block-image size-full\"><img decoding=\"async\" width=\"738\" height=\"928\" sizes=\"(max-width: 738px) 100vw, 738px\" data-id=\"20804\" src=\"https:\/\/www.colegiobolivar.edu.co\/website\/wp-content\/uploads\/2024\/03\/tribusora-5.jpg\" alt=\"\" class=\"wp-image-20804\" srcset=\"https:\/\/www.colegiobolivar.edu.co\/website\/wp-content\/uploads\/2024\/03\/tribusora-5.jpg 738w, https:\/\/www.colegiobolivar.edu.co\/website\/wp-content\/uploads\/2024\/03\/tribusora-5-239x300.jpg 239w\" \/><\/figure>\n<\/figure>\n\n\n\n<p>El objetivo principal consiste en ofrecer a los estudiantes un espacio donde puedan expresarse sobre temas y problem\u00e1ticas diversas, de una manera amena y divertida. Es una forma refrescante de romper con la rutina escolar, al combinar noticias y entrevistas con un programa radial de m\u00fasica y variedades.<\/p>\n\n\n\n<p>El proyecto empez\u00f3 en agosto de 2023 y se ha venido transmitiendo regularmente todas las semanas. Las emisiones se pueden escuchar en la p\u00e1gina https:\/\/www.tribuweb.online\/ en la que tambi\u00e9n se pueden consultar los art\u00edculos period\u00edsticos de la clase de <em>Journalism<\/em>.<\/p>\n\n\n\n<p>Cada semana, el equipo de la Tribusora se re\u00fane para crear mensajes inspiradores y melod\u00edas cautivadoras que llenan los pasillos de nuestro Colegio con energ\u00eda y alegr\u00eda. As\u00ed, ellos est\u00e1n aportando a la construcci\u00f3n de puentes de comunicaci\u00f3n y fomentando la creatividad.<\/p>\n\n\n\n<figure class=\"wp-block-gallery has-nested-images columns-default is-cropped wp-block-gallery-2 is-layout-flex wp-block-gallery-is-layout-flex\">\n<figure class=\"wp-block-image size-large\"><img loading=\"lazy\" decoding=\"async\" width=\"576\" height=\"1024\" sizes=\"(max-width: 576px) 100vw, 576px\" data-id=\"20806\" src=\"https:\/\/www.colegiobolivar.edu.co\/website\/wp-content\/uploads\/2024\/03\/tribusora-1-576x1024.jpg\" alt=\"\" class=\"wp-image-20806\" srcset=\"https:\/\/www.colegiobolivar.edu.co\/website\/wp-content\/uploads\/2024\/03\/tribusora-1-576x1024.jpg 576w, https:\/\/www.colegiobolivar.edu.co\/website\/wp-content\/uploads\/2024\/03\/tribusora-1-169x300.jpg 169w, https:\/\/www.colegiobolivar.edu.co\/website\/wp-content\/uploads\/2024\/03\/tribusora-1.jpg 720w\" \/><\/figure>\n\n\n\n<figure class=\"wp-block-image size-large\"><img loading=\"lazy\" decoding=\"async\" width=\"738\" height=\"968\" data-id=\"20810\" src=\"https:\/\/www.colegiobolivar.edu.co\/website\/wp-content\/uploads\/2024\/03\/tribusora-3.jpg\" alt=\"\" class=\"wp-image-20810\" srcset=\"https:\/\/www.colegiobolivar.edu.co\/website\/wp-content\/uploads\/2024\/03\/tribusora-3.jpg 738w, https:\/\/www.colegiobolivar.edu.co\/website\/wp-content\/uploads\/2024\/03\/tribusora-3-229x300.jpg 229w\" sizes=\"(max-width: 738px) 100vw, 738px\" \/><\/figure>\n<\/figure>\n\n\n\n<figure class=\"wp-block-gallery has-nested-images columns-default is-cropped wp-block-gallery-3 is-layout-flex wp-block-gallery-is-layout-flex\">\n<figure class=\"wp-block-image size-large\"><img loading=\"lazy\" decoding=\"async\" width=\"1024\" height=\"606\" sizes=\"(max-width: 1024px) 100vw, 1024px\" data-id=\"20811\" src=\"https:\/\/www.colegiobolivar.edu.co\/website\/wp-content\/uploads\/2024\/03\/tribusora_-2-1024x606.jpg\" alt=\"\" class=\"wp-image-20811\" srcset=\"https:\/\/www.colegiobolivar.edu.co\/website\/wp-content\/uploads\/2024\/03\/tribusora_-2-1024x606.jpg 1024w, https:\/\/www.colegiobolivar.edu.co\/website\/wp-content\/uploads\/2024\/03\/tribusora_-2-300x178.jpg 300w, https:\/\/www.colegiobolivar.edu.co\/website\/wp-content\/uploads\/2024\/03\/tribusora_-2-768x455.jpg 768w, https:\/\/www.colegiobolivar.edu.co\/website\/wp-content\/uploads\/2024\/03\/tribusora_-2.jpg 1100w\" \/><\/figure>\n<\/figure>\n\n\n\n<p>\u201cLa magia de Tribusora radica en su capacidad para unir a la comunidad estudiantil y permitir que m\u00e1s voces sean escuchadas. No hay duda de que este proyecto continuar\u00e1 creciendo y fortaleci\u00e9ndose, inspirando a todos los miembros de nuestra comunidad a expresarse y compartir su creatividad a trav\u00e9s de las ondas de esta emisora \u00fanica en su clase\u201d, han escrito los estudiantes de Periodismo vinculados a este proyecto, quienes tambi\u00e9n han manifestado su deseo por fortalecer la Tribusora: \u201cInicialmente necesitamos recursos tales como una consola de audio de \u00faltima generaci\u00f3n, micr\u00f3fonos de alta calidad, auriculares especializados y software de edici\u00f3n de audio de alta calidad. Tambi\u00e9n quisi\u00e9ramos tener un cuarto insonorizado para garantizar una mejor y producci\u00f3n en un espacio de expresi\u00f3n y creatividad inigualable para todos nuestros estudiantes\u201d.<\/p>\n\n\n\n<p>Son varios los estudiantes que han pasado por los micr\u00f3fonos de Tribusora, entre ellos Camila Berrio, Jorge Iv\u00e1n Moreno, Mariana Paredes y Tom\u00e1s Sanabria de HS. En MS se han integrado Mariana Cruz, Sara Ram\u00edrez y Luciana G\u00f3mez. Este proyecto ha sido dirigido y apoyado por la profesora Vicky Vidal de periodismo y los profesores Yovani Romo y Ala\u00edn Rivera del \u00e1rea de ICT.<\/p>\n\n\n\n<p>\u00a1Felicitaciones a todos ellos!<\/p>\n","protected":false},"excerpt":{"rendered":"<p>Tribusora \u00a1a toda Hora! es un programa radial, que surge a partir de la integraci\u00f3n de las \u00e1reas de Periodismo &amp; ICT, a partir de la idea de Jorge Iv\u00e1n Moreno, uno de nuestros estudiantes de la clase Periodismo. El programa se emite por los altavoces del Colegio todas las semanas durante el break y [&hellip;]<\/p>\n","protected":false},"author":1,"featured_media":0,"comment_status":"open","ping_status":"open","sticky":false,"template":"","format":"standard","meta":{"_acf_changed":false,"footnotes":""},"categories":[1],"tags":[],"class_list":["post-34880","post","type-post","status-publish","format-standard","hentry","category-uncategorized"],"acf":[],"_links":{"self":[{"href":"https:\/\/www.colegiobolivar.edu.co\/website\/wp-json\/wp\/v2\/posts\/34880","targetHints":{"allow":["GET"]}}],"collection":[{"href":"https:\/\/www.colegiobolivar.edu.co\/website\/wp-json\/wp\/v2\/posts"}],"about":[{"href":"https:\/\/www.colegiobolivar.edu.co\/website\/wp-json\/wp\/v2\/types\/post"}],"author":[{"embeddable":true,"href":"https:\/\/www.colegiobolivar.edu.co\/website\/wp-json\/wp\/v2\/users\/1"}],"replies":[{"embeddable":true,"href":"https:\/\/www.colegiobolivar.edu.co\/website\/wp-json\/wp\/v2\/comments?post=34880"}],"version-history":[{"count":0,"href":"https:\/\/www.colegiobolivar.edu.co\/website\/wp-json\/wp\/v2\/posts\/34880\/revisions"}],"wp:attachment":[{"href":"https:\/\/www.colegiobolivar.edu.co\/website\/wp-json\/wp\/v2\/media?parent=34880"}],"wp:term":[{"taxonomy":"category","embeddable":true,"href":"https:\/\/www.colegiobolivar.edu.co\/website\/wp-json\/wp\/v2\/categories?post=34880"},{"taxonomy":"post_tag","embeddable":true,"href":"https:\/\/www.colegiobolivar.edu.co\/website\/wp-json\/wp\/v2\/tags?post=34880"}],"curies":[{"name":"wp","href":"https:\/\/api.w.org\/{rel}","templated":true}]}}