{"id":34890,"date":"2025-10-16T18:10:15","date_gmt":"2025-10-16T18:10:15","guid":{"rendered":"https:\/\/colegiobolivar.edu.co\/website\/inspirando-la-curiosidad-aventura-educativa-en-la-uao-para-ninos-de-k5\/"},"modified":"2025-10-16T18:10:15","modified_gmt":"2025-10-16T18:10:15","slug":"inspirando-la-curiosidad-aventura-educativa-en-la-uao-para-ninos-de-k5","status":"publish","type":"post","link":"https:\/\/www.colegiobolivar.edu.co\/website\/inspirando-la-curiosidad-aventura-educativa-en-la-uao-para-ninos-de-k5\/","title":{"rendered":"Inspirando la Curiosidad: Aventura Educativa en la UAO para Ni\u00f1os de K5"},"content":{"rendered":"\n<p>Veinte ni\u00f1os de K5 y tres profesoras visitaron recientemente la Universidad Aut\u00f3noma de Occidente con el \u00e1nimo de conocer m\u00e1s sobre los espacios de esta instituci\u00f3n que ha sido considerada como la Universidad m\u00e1s sostenible de Colombia, seg\u00fan el&nbsp;<a href=\"https:\/\/greenmetric.ui.ac.id\/\">ranking GreenMetric<\/a>.<\/p>\n\n\n\n<p>Durante la visita, nuestros ni\u00f1os pudieron conocer la granja autosostenible de la Universidad, un espacio conocido como HuertoLab, en el que los estudiantes del programa de Ingenier\u00eda Ambiental aportan al concepto de econom\u00eda circular y de sostenibilidad. La visita reforz\u00f3 el inter\u00e9s de los ni\u00f1os en las huertas urbanas, una iniciativa que han venido trabajando en el Colegio.<\/p>\n\n\n\n<figure class=\"wp-block-gallery has-nested-images columns-default is-cropped wp-block-gallery-1 is-layout-flex wp-block-gallery-is-layout-flex\">\n<figure class=\"wp-block-image size-large\"><img fetchpriority=\"high\" decoding=\"async\" width=\"1024\" height=\"768\" sizes=\"(max-width: 1024px) 100vw, 1024px\" data-id=\"21073\" src=\"https:\/\/www.colegiobolivar.edu.co\/website\/wp-content\/uploads\/2024\/03\/WhatsApp-Image-2024-02-21-at-14.28.52-1024x768.jpeg\" alt=\"\" class=\"wp-image-21073\" srcset=\"https:\/\/www.colegiobolivar.edu.co\/website\/wp-content\/uploads\/2024\/03\/WhatsApp-Image-2024-02-21-at-14.28.52-1024x768.jpeg 1024w, https:\/\/www.colegiobolivar.edu.co\/website\/wp-content\/uploads\/2024\/03\/WhatsApp-Image-2024-02-21-at-14.28.52-300x225.jpeg 300w, https:\/\/www.colegiobolivar.edu.co\/website\/wp-content\/uploads\/2024\/03\/WhatsApp-Image-2024-02-21-at-14.28.52-768x576.jpeg 768w, https:\/\/www.colegiobolivar.edu.co\/website\/wp-content\/uploads\/2024\/03\/WhatsApp-Image-2024-02-21-at-14.28.52-1536x1152.jpeg 1536w, https:\/\/www.colegiobolivar.edu.co\/website\/wp-content\/uploads\/2024\/03\/WhatsApp-Image-2024-02-21-at-14.28.52.jpeg 1600w\" \/><\/figure>\n\n\n\n<figure class=\"wp-block-image size-large\"><img decoding=\"async\" width=\"1024\" height=\"768\" sizes=\"(max-width: 1024px) 100vw, 1024px\" data-id=\"21074\" src=\"https:\/\/www.colegiobolivar.edu.co\/website\/wp-content\/uploads\/2024\/03\/WhatsApp-Image-2024-02-21-at-14.28.53-1024x768.jpeg\" alt=\"\" class=\"wp-image-21074\" srcset=\"https:\/\/www.colegiobolivar.edu.co\/website\/wp-content\/uploads\/2024\/03\/WhatsApp-Image-2024-02-21-at-14.28.53-1024x768.jpeg 1024w, https:\/\/www.colegiobolivar.edu.co\/website\/wp-content\/uploads\/2024\/03\/WhatsApp-Image-2024-02-21-at-14.28.53-300x225.jpeg 300w, https:\/\/www.colegiobolivar.edu.co\/website\/wp-content\/uploads\/2024\/03\/WhatsApp-Image-2024-02-21-at-14.28.53-768x576.jpeg 768w, https:\/\/www.colegiobolivar.edu.co\/website\/wp-content\/uploads\/2024\/03\/WhatsApp-Image-2024-02-21-at-14.28.53-1536x1152.jpeg 1536w, https:\/\/www.colegiobolivar.edu.co\/website\/wp-content\/uploads\/2024\/03\/WhatsApp-Image-2024-02-21-at-14.28.53.jpeg 1600w\" \/><\/figure>\n\n\n\n<figure class=\"wp-block-image size-large\"><img decoding=\"async\" width=\"1024\" height=\"768\" sizes=\"(max-width: 1024px) 100vw, 1024px\" data-id=\"21075\" src=\"https:\/\/www.colegiobolivar.edu.co\/website\/wp-content\/uploads\/2024\/03\/WhatsApp-Image-2024-02-21-at-14.29.14-1024x768.jpeg\" alt=\"\" class=\"wp-image-21075\" srcset=\"https:\/\/www.colegiobolivar.edu.co\/website\/wp-content\/uploads\/2024\/03\/WhatsApp-Image-2024-02-21-at-14.29.14-1024x768.jpeg 1024w, https:\/\/www.colegiobolivar.edu.co\/website\/wp-content\/uploads\/2024\/03\/WhatsApp-Image-2024-02-21-at-14.29.14-300x225.jpeg 300w, https:\/\/www.colegiobolivar.edu.co\/website\/wp-content\/uploads\/2024\/03\/WhatsApp-Image-2024-02-21-at-14.29.14-768x576.jpeg 768w, https:\/\/www.colegiobolivar.edu.co\/website\/wp-content\/uploads\/2024\/03\/WhatsApp-Image-2024-02-21-at-14.29.14-1536x1152.jpeg 1536w, https:\/\/www.colegiobolivar.edu.co\/website\/wp-content\/uploads\/2024\/03\/WhatsApp-Image-2024-02-21-at-14.29.14.jpeg 1600w\" \/><\/figure>\n\n\n\n<figure class=\"wp-block-image size-large\"><img loading=\"lazy\" decoding=\"async\" width=\"1024\" height=\"768\" sizes=\"(max-width: 1024px) 100vw, 1024px\" data-id=\"21076\" src=\"https:\/\/www.colegiobolivar.edu.co\/website\/wp-content\/uploads\/2024\/03\/WhatsApp-Image-2024-02-21-at-14.29.19-1024x768.jpeg\" alt=\"\" class=\"wp-image-21076\" srcset=\"https:\/\/www.colegiobolivar.edu.co\/website\/wp-content\/uploads\/2024\/03\/WhatsApp-Image-2024-02-21-at-14.29.19-1024x768.jpeg 1024w, https:\/\/www.colegiobolivar.edu.co\/website\/wp-content\/uploads\/2024\/03\/WhatsApp-Image-2024-02-21-at-14.29.19-300x225.jpeg 300w, https:\/\/www.colegiobolivar.edu.co\/website\/wp-content\/uploads\/2024\/03\/WhatsApp-Image-2024-02-21-at-14.29.19-768x576.jpeg 768w, https:\/\/www.colegiobolivar.edu.co\/website\/wp-content\/uploads\/2024\/03\/WhatsApp-Image-2024-02-21-at-14.29.19-1536x1152.jpeg 1536w, https:\/\/www.colegiobolivar.edu.co\/website\/wp-content\/uploads\/2024\/03\/WhatsApp-Image-2024-02-21-at-14.29.19.jpeg 1600w\" \/><\/figure>\n\n\n\n<figure class=\"wp-block-image size-large\"><img loading=\"lazy\" decoding=\"async\" width=\"1024\" height=\"768\" sizes=\"(max-width: 1024px) 100vw, 1024px\" data-id=\"21077\" src=\"https:\/\/www.colegiobolivar.edu.co\/website\/wp-content\/uploads\/2024\/03\/WhatsApp-Image-2024-02-21-at-14.29.20-1024x768.jpeg\" alt=\"\" class=\"wp-image-21077\" srcset=\"https:\/\/www.colegiobolivar.edu.co\/website\/wp-content\/uploads\/2024\/03\/WhatsApp-Image-2024-02-21-at-14.29.20-1024x768.jpeg 1024w, https:\/\/www.colegiobolivar.edu.co\/website\/wp-content\/uploads\/2024\/03\/WhatsApp-Image-2024-02-21-at-14.29.20-300x225.jpeg 300w, https:\/\/www.colegiobolivar.edu.co\/website\/wp-content\/uploads\/2024\/03\/WhatsApp-Image-2024-02-21-at-14.29.20-768x576.jpeg 768w, https:\/\/www.colegiobolivar.edu.co\/website\/wp-content\/uploads\/2024\/03\/WhatsApp-Image-2024-02-21-at-14.29.20-1536x1152.jpeg 1536w, https:\/\/www.colegiobolivar.edu.co\/website\/wp-content\/uploads\/2024\/03\/WhatsApp-Image-2024-02-21-at-14.29.20.jpeg 1600w\" \/><\/figure>\n<\/figure>\n\n\n\n<p>Los ni\u00f1os participaron de una plantaci\u00f3n de \u00e1rboles y aprendieron sobre el cuidado del agua, recorriendo la Planta de Tratamiento de Agua Potable, PTAP, y la Planta de Tratamiento de Agua Residual, PTAR, con el fin de conocer m\u00e1s sobre los procesos operativos de gesti\u00f3n del agua, de la energ\u00eda y de los residuos s\u00f3lidos.<\/p>\n\n\n\n<figure class=\"wp-block-gallery has-nested-images columns-default is-cropped wp-block-gallery-2 is-layout-flex wp-block-gallery-is-layout-flex\">\n<figure class=\"wp-block-image size-large\"><img loading=\"lazy\" decoding=\"async\" width=\"768\" height=\"1024\" sizes=\"(max-width: 768px) 100vw, 768px\" data-id=\"21079\" src=\"https:\/\/www.colegiobolivar.edu.co\/website\/wp-content\/uploads\/2024\/03\/WhatsApp-Image-2024-02-21-at-14.29.27-768x1024.jpeg\" alt=\"\" class=\"wp-image-21079\" srcset=\"https:\/\/www.colegiobolivar.edu.co\/website\/wp-content\/uploads\/2024\/03\/WhatsApp-Image-2024-02-21-at-14.29.27-768x1024.jpeg 768w, https:\/\/www.colegiobolivar.edu.co\/website\/wp-content\/uploads\/2024\/03\/WhatsApp-Image-2024-02-21-at-14.29.27-225x300.jpeg 225w, https:\/\/www.colegiobolivar.edu.co\/website\/wp-content\/uploads\/2024\/03\/WhatsApp-Image-2024-02-21-at-14.29.27-1152x1536.jpeg 1152w, https:\/\/www.colegiobolivar.edu.co\/website\/wp-content\/uploads\/2024\/03\/WhatsApp-Image-2024-02-21-at-14.29.27.jpeg 1200w\" \/><\/figure>\n\n\n\n<figure class=\"wp-block-image size-large\"><img loading=\"lazy\" decoding=\"async\" width=\"768\" height=\"1024\" sizes=\"(max-width: 768px) 100vw, 768px\" data-id=\"21080\" src=\"https:\/\/www.colegiobolivar.edu.co\/website\/wp-content\/uploads\/2024\/03\/WhatsApp-Image-2024-03-14-at-09.55.24-3-768x1024.jpeg\" alt=\"\" class=\"wp-image-21080\" srcset=\"https:\/\/www.colegiobolivar.edu.co\/website\/wp-content\/uploads\/2024\/03\/WhatsApp-Image-2024-03-14-at-09.55.24-3-768x1024.jpeg 768w, https:\/\/www.colegiobolivar.edu.co\/website\/wp-content\/uploads\/2024\/03\/WhatsApp-Image-2024-03-14-at-09.55.24-3-225x300.jpeg 225w, https:\/\/www.colegiobolivar.edu.co\/website\/wp-content\/uploads\/2024\/03\/WhatsApp-Image-2024-03-14-at-09.55.24-3.jpeg 960w\" \/><\/figure>\n<\/figure>\n\n\n\n<p>Adem\u00e1s, la visita incluy\u00f3 conocer el estudio de televisi\u00f3n de la Universidad, uno de los m\u00e1s modernos del suroccidente colombiano, donde se realizan ejercicios audiovisuales, incluyendo grabaciones en diversos formatos y emisi\u00f3n en vivo del noticiero 90 minutos del canal regional Telepac\u00edfico.<\/p>\n\n\n\n<figure class=\"wp-block-gallery has-nested-images columns-default is-cropped wp-block-gallery-3 is-layout-flex wp-block-gallery-is-layout-flex\">\n<figure class=\"wp-block-image size-large\"><img loading=\"lazy\" decoding=\"async\" width=\"1024\" height=\"768\" sizes=\"(max-width: 1024px) 100vw, 1024px\" data-id=\"21082\" src=\"https:\/\/www.colegiobolivar.edu.co\/website\/wp-content\/uploads\/2024\/03\/WhatsApp-Image-2024-03-14-at-09.55.24-1-1024x768.jpeg\" alt=\"\" class=\"wp-image-21082\" srcset=\"https:\/\/www.colegiobolivar.edu.co\/website\/wp-content\/uploads\/2024\/03\/WhatsApp-Image-2024-03-14-at-09.55.24-1-1024x768.jpeg 1024w, https:\/\/www.colegiobolivar.edu.co\/website\/wp-content\/uploads\/2024\/03\/WhatsApp-Image-2024-03-14-at-09.55.24-1-300x225.jpeg 300w, https:\/\/www.colegiobolivar.edu.co\/website\/wp-content\/uploads\/2024\/03\/WhatsApp-Image-2024-03-14-at-09.55.24-1-768x576.jpeg 768w, https:\/\/www.colegiobolivar.edu.co\/website\/wp-content\/uploads\/2024\/03\/WhatsApp-Image-2024-03-14-at-09.55.24-1.jpeg 1280w\" \/><\/figure>\n\n\n\n<figure class=\"wp-block-image size-large\"><img loading=\"lazy\" decoding=\"async\" width=\"1024\" height=\"768\" sizes=\"(max-width: 1024px) 100vw, 1024px\" data-id=\"21083\" src=\"https:\/\/www.colegiobolivar.edu.co\/website\/wp-content\/uploads\/2024\/03\/WhatsApp-Image-2024-03-14-at-09.55.24-2-1024x768.jpeg\" alt=\"\" class=\"wp-image-21083\" srcset=\"https:\/\/www.colegiobolivar.edu.co\/website\/wp-content\/uploads\/2024\/03\/WhatsApp-Image-2024-03-14-at-09.55.24-2-1024x768.jpeg 1024w, https:\/\/www.colegiobolivar.edu.co\/website\/wp-content\/uploads\/2024\/03\/WhatsApp-Image-2024-03-14-at-09.55.24-2-300x225.jpeg 300w, https:\/\/www.colegiobolivar.edu.co\/website\/wp-content\/uploads\/2024\/03\/WhatsApp-Image-2024-03-14-at-09.55.24-2-768x576.jpeg 768w, https:\/\/www.colegiobolivar.edu.co\/website\/wp-content\/uploads\/2024\/03\/WhatsApp-Image-2024-03-14-at-09.55.24-2.jpeg 1280w\" \/><\/figure>\n\n\n\n<figure class=\"wp-block-image size-large\"><img loading=\"lazy\" decoding=\"async\" width=\"1024\" height=\"768\" sizes=\"(max-width: 1024px) 100vw, 1024px\" data-id=\"21081\" src=\"https:\/\/www.colegiobolivar.edu.co\/website\/wp-content\/uploads\/2024\/03\/WhatsApp-Image-2024-03-14-at-09.55.24-1024x768.jpeg\" alt=\"\" class=\"wp-image-21081\" srcset=\"https:\/\/www.colegiobolivar.edu.co\/website\/wp-content\/uploads\/2024\/03\/WhatsApp-Image-2024-03-14-at-09.55.24-1024x768.jpeg 1024w, https:\/\/www.colegiobolivar.edu.co\/website\/wp-content\/uploads\/2024\/03\/WhatsApp-Image-2024-03-14-at-09.55.24-300x225.jpeg 300w, https:\/\/www.colegiobolivar.edu.co\/website\/wp-content\/uploads\/2024\/03\/WhatsApp-Image-2024-03-14-at-09.55.24-768x576.jpeg 768w, https:\/\/www.colegiobolivar.edu.co\/website\/wp-content\/uploads\/2024\/03\/WhatsApp-Image-2024-03-14-at-09.55.24.jpeg 1280w\" \/><\/figure>\n\n\n\n<figure class=\"wp-block-image size-large\"><img loading=\"lazy\" decoding=\"async\" width=\"1024\" height=\"768\" sizes=\"(max-width: 1024px) 100vw, 1024px\" data-id=\"21084\" src=\"https:\/\/www.colegiobolivar.edu.co\/website\/wp-content\/uploads\/2024\/03\/WhatsApp-Image-2024-03-14-at-09.55.42-1024x768.jpeg\" alt=\"\" class=\"wp-image-21084\" srcset=\"https:\/\/www.colegiobolivar.edu.co\/website\/wp-content\/uploads\/2024\/03\/WhatsApp-Image-2024-03-14-at-09.55.42-1024x768.jpeg 1024w, https:\/\/www.colegiobolivar.edu.co\/website\/wp-content\/uploads\/2024\/03\/WhatsApp-Image-2024-03-14-at-09.55.42-300x225.jpeg 300w, https:\/\/www.colegiobolivar.edu.co\/website\/wp-content\/uploads\/2024\/03\/WhatsApp-Image-2024-03-14-at-09.55.42-768x576.jpeg 768w, https:\/\/www.colegiobolivar.edu.co\/website\/wp-content\/uploads\/2024\/03\/WhatsApp-Image-2024-03-14-at-09.55.42.jpeg 1280w\" \/><\/figure>\n\n\n\n<figure class=\"wp-block-image size-large\"><img loading=\"lazy\" decoding=\"async\" width=\"1024\" height=\"768\" sizes=\"(max-width: 1024px) 100vw, 1024px\" data-id=\"21085\" src=\"https:\/\/www.colegiobolivar.edu.co\/website\/wp-content\/uploads\/2024\/03\/Huerta-5K-1024x768.jpeg\" alt=\"\" class=\"wp-image-21085\" srcset=\"https:\/\/www.colegiobolivar.edu.co\/website\/wp-content\/uploads\/2024\/03\/Huerta-5K-1024x768.jpeg 1024w, https:\/\/www.colegiobolivar.edu.co\/website\/wp-content\/uploads\/2024\/03\/Huerta-5K-300x225.jpeg 300w, https:\/\/www.colegiobolivar.edu.co\/website\/wp-content\/uploads\/2024\/03\/Huerta-5K-768x576.jpeg 768w, https:\/\/www.colegiobolivar.edu.co\/website\/wp-content\/uploads\/2024\/03\/Huerta-5K-1536x1153.jpeg 1536w, https:\/\/www.colegiobolivar.edu.co\/website\/wp-content\/uploads\/2024\/03\/Huerta-5K.jpeg 1599w\" \/><\/figure>\n<\/figure>\n\n\n\n<p>Con este tipo de visitas, el aprendizaje trasciende los l\u00edmites del aula y complementan nuestra labor educativa: no solo rompen la rutina diaria y enriquecen la programaci\u00f3n curricular, sino que tambi\u00e9n fomentan un aprendizaje experiencial que repercute positivamente en el desarrollo acad\u00e9mico y social de nuestros estudiantes.<\/p>\n","protected":false},"excerpt":{"rendered":"<p>Veinte ni\u00f1os de K5 y tres profesoras visitaron recientemente la Universidad Aut\u00f3noma de Occidente con el \u00e1nimo de conocer m\u00e1s sobre los espacios de esta instituci\u00f3n que ha sido considerada como la Universidad m\u00e1s sostenible de Colombia, seg\u00fan el&nbsp;ranking GreenMetric. Durante la visita, nuestros ni\u00f1os pudieron conocer la granja autosostenible de la Universidad, un espacio [&hellip;]<\/p>\n","protected":false},"author":1,"featured_media":0,"comment_status":"open","ping_status":"open","sticky":false,"template":"","format":"standard","meta":{"_acf_changed":false,"footnotes":""},"categories":[1],"tags":[],"class_list":["post-34890","post","type-post","status-publish","format-standard","hentry","category-uncategorized"],"acf":[],"_links":{"self":[{"href":"https:\/\/www.colegiobolivar.edu.co\/website\/wp-json\/wp\/v2\/posts\/34890","targetHints":{"allow":["GET"]}}],"collection":[{"href":"https:\/\/www.colegiobolivar.edu.co\/website\/wp-json\/wp\/v2\/posts"}],"about":[{"href":"https:\/\/www.colegiobolivar.edu.co\/website\/wp-json\/wp\/v2\/types\/post"}],"author":[{"embeddable":true,"href":"https:\/\/www.colegiobolivar.edu.co\/website\/wp-json\/wp\/v2\/users\/1"}],"replies":[{"embeddable":true,"href":"https:\/\/www.colegiobolivar.edu.co\/website\/wp-json\/wp\/v2\/comments?post=34890"}],"version-history":[{"count":0,"href":"https:\/\/www.colegiobolivar.edu.co\/website\/wp-json\/wp\/v2\/posts\/34890\/revisions"}],"wp:attachment":[{"href":"https:\/\/www.colegiobolivar.edu.co\/website\/wp-json\/wp\/v2\/media?parent=34890"}],"wp:term":[{"taxonomy":"category","embeddable":true,"href":"https:\/\/www.colegiobolivar.edu.co\/website\/wp-json\/wp\/v2\/categories?post=34890"},{"taxonomy":"post_tag","embeddable":true,"href":"https:\/\/www.colegiobolivar.edu.co\/website\/wp-json\/wp\/v2\/tags?post=34890"}],"curies":[{"name":"wp","href":"https:\/\/api.w.org\/{rel}","templated":true}]}}