{"id":34895,"date":"2025-10-16T18:10:15","date_gmt":"2025-10-16T18:10:15","guid":{"rendered":"https:\/\/colegiobolivar.edu.co\/website\/una-semana-para-celebrar-el-ingles-y-el-espanol\/"},"modified":"2025-10-16T18:10:15","modified_gmt":"2025-10-16T18:10:15","slug":"una-semana-para-celebrar-el-ingles-y-el-espanol","status":"publish","type":"post","link":"https:\/\/www.colegiobolivar.edu.co\/website\/una-semana-para-celebrar-el-ingles-y-el-espanol\/","title":{"rendered":"Una semana para celebrar el Ingl\u00e9s y el Espa\u00f1ol"},"content":{"rendered":"\n<p>La <strong>semana del idioma<\/strong> se <strong>celebrar\u00e1 este a\u00f1o del 22 al 26 de abril, con diversas actividades para resaltar la importancia del libro y las bibliotecas en los idiomas espa\u00f1ol e ingl\u00e9s.<\/strong><\/p>\n\n\n\n<p>Esta celebraci\u00f3n tiene su origen en hacer un sentido homenaje a la memoria del gran escritor espa\u00f1ol Miguel de Cervantes Saavedra, autor de la obra maestra \u201c<strong>El Ingenioso Hidalgo Don Quijote de la Mancha\u201d <\/strong>publicada en 1605, y quien muri\u00f3 el 23 de abril de 1616, d\u00eda elegido para celebrar nuestro idioma espa\u00f1ol. De igual manera, en la misma fecha tambi\u00e9n se celebra el d\u00eda de la lengua inglesa, <strong>en conmemoraci\u00f3n del aniversario de William Shakespeare, considerado el escritor cumbre en este lenguaje.<\/strong><\/p>\n\n\n\n<p>Por esto, la Semana del Idioma es una celebraci\u00f3n que se realiza en muchos pa\u00edses durante la \u00faltima semana de abril, con diversas actividades y eventos con el objetivo de aumentar la conciencia y el respeto por la historia, la cultura y los logros de estos idiomas.<\/p>\n\n\n\n<p>As\u00ed que est\u00e1n todos invitados por la biblioteca Martin Felton y los departamentos de espa\u00f1ol e ingl\u00e9s del Colegio a descubrir las sorpresas que est\u00e1n preparadas para este a\u00f1o.<\/p>\n\n\n\n<figure class=\"wp-block-image size-large is-resized\"><img fetchpriority=\"high\" decoding=\"async\" width=\"1024\" height=\"724\" sizes=\"(max-width: 1024px) 100vw, 1024px\" src=\"https:\/\/www.colegiobolivar.edu.co\/website\/wp-content\/uploads\/2024\/04\/Cronograma-Semana-del-Idioma-1024x724.png\" alt=\"\" class=\"wp-image-21423\" style=\"width:840px;height:auto\" srcset=\"https:\/\/www.colegiobolivar.edu.co\/website\/wp-content\/uploads\/2024\/04\/Cronograma-Semana-del-Idioma-1024x724.png 1024w, https:\/\/www.colegiobolivar.edu.co\/website\/wp-content\/uploads\/2024\/04\/Cronograma-Semana-del-Idioma-300x212.png 300w, https:\/\/www.colegiobolivar.edu.co\/website\/wp-content\/uploads\/2024\/04\/Cronograma-Semana-del-Idioma-768x543.png 768w, https:\/\/www.colegiobolivar.edu.co\/website\/wp-content\/uploads\/2024\/04\/Cronograma-Semana-del-Idioma-1536x1086.png 1536w, https:\/\/www.colegiobolivar.edu.co\/website\/wp-content\/uploads\/2024\/04\/Cronograma-Semana-del-Idioma.png 2000w\" \/><\/figure>\n","protected":false},"excerpt":{"rendered":"<p>La semana del idioma se celebrar\u00e1 este a\u00f1o del 22 al 26 de abril, con diversas actividades para resaltar la importancia del libro y las bibliotecas en los idiomas espa\u00f1ol e ingl\u00e9s. Esta celebraci\u00f3n tiene su origen en hacer un sentido homenaje a la memoria del gran escritor espa\u00f1ol Miguel de Cervantes Saavedra, autor de [&hellip;]<\/p>\n","protected":false},"author":1,"featured_media":0,"comment_status":"open","ping_status":"open","sticky":false,"template":"","format":"standard","meta":{"_acf_changed":false,"footnotes":""},"categories":[1],"tags":[],"class_list":["post-34895","post","type-post","status-publish","format-standard","hentry","category-uncategorized"],"acf":[],"_links":{"self":[{"href":"https:\/\/www.colegiobolivar.edu.co\/website\/wp-json\/wp\/v2\/posts\/34895","targetHints":{"allow":["GET"]}}],"collection":[{"href":"https:\/\/www.colegiobolivar.edu.co\/website\/wp-json\/wp\/v2\/posts"}],"about":[{"href":"https:\/\/www.colegiobolivar.edu.co\/website\/wp-json\/wp\/v2\/types\/post"}],"author":[{"embeddable":true,"href":"https:\/\/www.colegiobolivar.edu.co\/website\/wp-json\/wp\/v2\/users\/1"}],"replies":[{"embeddable":true,"href":"https:\/\/www.colegiobolivar.edu.co\/website\/wp-json\/wp\/v2\/comments?post=34895"}],"version-history":[{"count":0,"href":"https:\/\/www.colegiobolivar.edu.co\/website\/wp-json\/wp\/v2\/posts\/34895\/revisions"}],"wp:attachment":[{"href":"https:\/\/www.colegiobolivar.edu.co\/website\/wp-json\/wp\/v2\/media?parent=34895"}],"wp:term":[{"taxonomy":"category","embeddable":true,"href":"https:\/\/www.colegiobolivar.edu.co\/website\/wp-json\/wp\/v2\/categories?post=34895"},{"taxonomy":"post_tag","embeddable":true,"href":"https:\/\/www.colegiobolivar.edu.co\/website\/wp-json\/wp\/v2\/tags?post=34895"}],"curies":[{"name":"wp","href":"https:\/\/api.w.org\/{rel}","templated":true}]}}