{"id":34896,"date":"2025-10-16T18:10:15","date_gmt":"2025-10-16T18:10:15","guid":{"rendered":"https:\/\/colegiobolivar.edu.co\/website\/abril-un-mes-para-la-poesia\/"},"modified":"2025-10-16T18:10:15","modified_gmt":"2025-10-16T18:10:15","slug":"abril-un-mes-para-la-poesia","status":"publish","type":"post","link":"https:\/\/www.colegiobolivar.edu.co\/website\/abril-un-mes-para-la-poesia\/","title":{"rendered":"Abril, un mes para la poes\u00eda"},"content":{"rendered":"\n<p><strong>A partir del 2 de abril, la Biblioteca Martin Felton celebrar\u00e1 el Mes Nacional de la Poes\u00eda (en ingl\u00e9s National Poetry Month) con actividades que resaltan la importancia de este arte en nuestra cultura.<\/strong><\/p>\n\n\n\n<p>El Mes Nacional de la Poes\u00eda fue<strong> instaurado en 1996 por la Academy of American Poets para aumentar la visibilidad y apreciaci\u00f3n de la poes\u00eda en el pa\u00eds.<\/strong><\/p>\n\n\n\n<figure class=\"wp-block-image size-large\"><img fetchpriority=\"high\" decoding=\"async\" width=\"724\" height=\"1024\" sizes=\"(max-width: 724px) 100vw, 724px\" src=\"https:\/\/www.colegiobolivar.edu.co\/website\/wp-content\/uploads\/2024\/04\/NATIONAL-POETRY-MONTH-1-724x1024.png\" alt=\"\" class=\"wp-image-21230\" srcset=\"https:\/\/www.colegiobolivar.edu.co\/website\/wp-content\/uploads\/2024\/04\/NATIONAL-POETRY-MONTH-1-724x1024.png 724w, https:\/\/www.colegiobolivar.edu.co\/website\/wp-content\/uploads\/2024\/04\/NATIONAL-POETRY-MONTH-1-212x300.png 212w, https:\/\/www.colegiobolivar.edu.co\/website\/wp-content\/uploads\/2024\/04\/NATIONAL-POETRY-MONTH-1-768x1086.png 768w, https:\/\/www.colegiobolivar.edu.co\/website\/wp-content\/uploads\/2024\/04\/NATIONAL-POETRY-MONTH-1-1086x1536.png 1086w, https:\/\/www.colegiobolivar.edu.co\/website\/wp-content\/uploads\/2024\/04\/NATIONAL-POETRY-MONTH-1-1448x2048.png 1448w, https:\/\/www.colegiobolivar.edu.co\/website\/wp-content\/uploads\/2024\/04\/NATIONAL-POETRY-MONTH-1.png 1587w\" \/><\/figure>\n\n\n\n<p>Durante este mes, se promueve y celebra la poes\u00eda a trav\u00e9s de diversas actividades como lecturas p\u00fablicas, concursos, talleres creativos, exhibiciones y eventos especiales. Adem\u00e1s, muchos escritores y amantes de la poes\u00eda participan en el reto conocido como \u00abPoem-a-Day\u00bb, donde se desaf\u00edan a s\u00ed mismos a escribir un poema nuevo cada d\u00eda durante abril.<\/p>\n\n\n\n<p>\u00a1Ac\u00e9rquense a la biblioteca y conozcan m\u00e1s de este evento!<\/p>\n","protected":false},"excerpt":{"rendered":"<p>A partir del 2 de abril, la Biblioteca Martin Felton celebrar\u00e1 el Mes Nacional de la Poes\u00eda (en ingl\u00e9s National Poetry Month) con actividades que resaltan la importancia de este arte en nuestra cultura. El Mes Nacional de la Poes\u00eda fue instaurado en 1996 por la Academy of American Poets para aumentar la visibilidad y [&hellip;]<\/p>\n","protected":false},"author":1,"featured_media":0,"comment_status":"open","ping_status":"open","sticky":false,"template":"","format":"standard","meta":{"_acf_changed":false,"footnotes":""},"categories":[1],"tags":[],"class_list":["post-34896","post","type-post","status-publish","format-standard","hentry","category-uncategorized"],"acf":[],"_links":{"self":[{"href":"https:\/\/www.colegiobolivar.edu.co\/website\/wp-json\/wp\/v2\/posts\/34896","targetHints":{"allow":["GET"]}}],"collection":[{"href":"https:\/\/www.colegiobolivar.edu.co\/website\/wp-json\/wp\/v2\/posts"}],"about":[{"href":"https:\/\/www.colegiobolivar.edu.co\/website\/wp-json\/wp\/v2\/types\/post"}],"author":[{"embeddable":true,"href":"https:\/\/www.colegiobolivar.edu.co\/website\/wp-json\/wp\/v2\/users\/1"}],"replies":[{"embeddable":true,"href":"https:\/\/www.colegiobolivar.edu.co\/website\/wp-json\/wp\/v2\/comments?post=34896"}],"version-history":[{"count":0,"href":"https:\/\/www.colegiobolivar.edu.co\/website\/wp-json\/wp\/v2\/posts\/34896\/revisions"}],"wp:attachment":[{"href":"https:\/\/www.colegiobolivar.edu.co\/website\/wp-json\/wp\/v2\/media?parent=34896"}],"wp:term":[{"taxonomy":"category","embeddable":true,"href":"https:\/\/www.colegiobolivar.edu.co\/website\/wp-json\/wp\/v2\/categories?post=34896"},{"taxonomy":"post_tag","embeddable":true,"href":"https:\/\/www.colegiobolivar.edu.co\/website\/wp-json\/wp\/v2\/tags?post=34896"}],"curies":[{"name":"wp","href":"https:\/\/api.w.org\/{rel}","templated":true}]}}