{"id":34898,"date":"2025-10-16T18:10:15","date_gmt":"2025-10-16T18:10:15","guid":{"rendered":"https:\/\/colegiobolivar.edu.co\/website\/atentos-al-ciclo-de-talleres-de-abril\/"},"modified":"2025-10-16T18:10:15","modified_gmt":"2025-10-16T18:10:15","slug":"atentos-al-ciclo-de-talleres-de-abril","status":"publish","type":"post","link":"https:\/\/www.colegiobolivar.edu.co\/website\/atentos-al-ciclo-de-talleres-de-abril\/","title":{"rendered":"Atentos al ciclo de talleres de abril"},"content":{"rendered":"\n<p>Durante el <strong>mes de abril se ofrecer\u00e1n diversos talleres art\u00edsticos y artesanales para toda la comunidad educativa de nuestro Colegio.<\/strong><\/p>\n\n\n\n<p>Dentro de las propuestas se ofrecer\u00e1n tres talleres: uno de <strong>restauraci\u00f3n de libros<\/strong>, otro de <strong>dioramas<\/strong> y tambi\u00e9n de <strong>eco-print.<\/strong> Estas actividades se llevar\u00e1n a cabo en la <strong>Biblioteca Martin Felton.<\/strong><\/p>\n\n\n\n<figure class=\"wp-block-image size-large\"><img fetchpriority=\"high\" decoding=\"async\" width=\"724\" height=\"1024\" sizes=\"(max-width: 724px) 100vw, 724px\" src=\"https:\/\/www.colegiobolivar.edu.co\/website\/wp-content\/uploads\/2024\/04\/Talleres-2-724x1024.png\" alt=\"\" class=\"wp-image-21252\" srcset=\"https:\/\/www.colegiobolivar.edu.co\/website\/wp-content\/uploads\/2024\/04\/Talleres-2-724x1024.png 724w, https:\/\/www.colegiobolivar.edu.co\/website\/wp-content\/uploads\/2024\/04\/Talleres-2-212x300.png 212w, https:\/\/www.colegiobolivar.edu.co\/website\/wp-content\/uploads\/2024\/04\/Talleres-2-768x1086.png 768w, https:\/\/www.colegiobolivar.edu.co\/website\/wp-content\/uploads\/2024\/04\/Talleres-2-1086x1536.png 1086w, https:\/\/www.colegiobolivar.edu.co\/website\/wp-content\/uploads\/2024\/04\/Talleres-2.png 1414w\" \/><\/figure>\n\n\n\n<p>A\u00fan no est\u00e1n definidos los horarios, pero los invitamos a estar pendientes de la p\u00e1gina web y las redes sociales del Colegio, donde se actualizar\u00e1 la programaci\u00f3n.<\/p>\n\n\n\n<p>Para m\u00e1s informaci\u00f3n pueden contactar a Dawini Rengifo, coordinador de la Biblioteca (<a href=\"mailto:drengifo@colegiobolivar.edu.co\">drengifo@colegiobolivar.edu.co<\/a>)<\/p>\n","protected":false},"excerpt":{"rendered":"<p>Durante el mes de abril se ofrecer\u00e1n diversos talleres art\u00edsticos y artesanales para toda la comunidad educativa de nuestro Colegio. Dentro de las propuestas se ofrecer\u00e1n tres talleres: uno de restauraci\u00f3n de libros, otro de dioramas y tambi\u00e9n de eco-print. Estas actividades se llevar\u00e1n a cabo en la Biblioteca Martin Felton. A\u00fan no est\u00e1n definidos [&hellip;]<\/p>\n","protected":false},"author":1,"featured_media":0,"comment_status":"open","ping_status":"open","sticky":false,"template":"","format":"standard","meta":{"_acf_changed":false,"footnotes":""},"categories":[1],"tags":[],"class_list":["post-34898","post","type-post","status-publish","format-standard","hentry","category-uncategorized"],"acf":[],"_links":{"self":[{"href":"https:\/\/www.colegiobolivar.edu.co\/website\/wp-json\/wp\/v2\/posts\/34898","targetHints":{"allow":["GET"]}}],"collection":[{"href":"https:\/\/www.colegiobolivar.edu.co\/website\/wp-json\/wp\/v2\/posts"}],"about":[{"href":"https:\/\/www.colegiobolivar.edu.co\/website\/wp-json\/wp\/v2\/types\/post"}],"author":[{"embeddable":true,"href":"https:\/\/www.colegiobolivar.edu.co\/website\/wp-json\/wp\/v2\/users\/1"}],"replies":[{"embeddable":true,"href":"https:\/\/www.colegiobolivar.edu.co\/website\/wp-json\/wp\/v2\/comments?post=34898"}],"version-history":[{"count":0,"href":"https:\/\/www.colegiobolivar.edu.co\/website\/wp-json\/wp\/v2\/posts\/34898\/revisions"}],"wp:attachment":[{"href":"https:\/\/www.colegiobolivar.edu.co\/website\/wp-json\/wp\/v2\/media?parent=34898"}],"wp:term":[{"taxonomy":"category","embeddable":true,"href":"https:\/\/www.colegiobolivar.edu.co\/website\/wp-json\/wp\/v2\/categories?post=34898"},{"taxonomy":"post_tag","embeddable":true,"href":"https:\/\/www.colegiobolivar.edu.co\/website\/wp-json\/wp\/v2\/tags?post=34898"}],"curies":[{"name":"wp","href":"https:\/\/api.w.org\/{rel}","templated":true}]}}