{"id":34911,"date":"2025-10-16T18:10:19","date_gmt":"2025-10-16T18:10:19","guid":{"rendered":"https:\/\/colegiobolivar.edu.co\/website\/adriana-rodas\/"},"modified":"2025-10-16T18:10:19","modified_gmt":"2025-10-16T18:10:19","slug":"adriana-rodas","status":"publish","type":"post","link":"https:\/\/www.colegiobolivar.edu.co\/website\/adriana-rodas\/","title":{"rendered":"Adriana Rodas\u00a0"},"content":{"rendered":"\n<h2 class=\"wp-block-heading\">\u201cA pesar de que la vida tenga muchos <em>ups and downs<\/em> sigan creyendo en s\u00ed mismos\u201d<\/h2>\n\n\n\n<figure class=\"wp-block-image size-full\"><img fetchpriority=\"high\" decoding=\"async\" width=\"236\" height=\"353\" sizes=\"(max-width: 236px) 100vw, 236px\" src=\"https:\/\/www.colegiobolivar.edu.co\/website\/wp-content\/uploads\/2024\/05\/RODAS-COBO-ADRIANA-DSC_7231.jpg\" alt=\"\" class=\"wp-image-21701\" srcset=\"https:\/\/www.colegiobolivar.edu.co\/website\/wp-content\/uploads\/2024\/05\/RODAS-COBO-ADRIANA-DSC_7231.jpg 236w, https:\/\/www.colegiobolivar.edu.co\/website\/wp-content\/uploads\/2024\/05\/RODAS-COBO-ADRIANA-DSC_7231-201x300.jpg 201w\" \/><\/figure>\n\n\n\n<p><strong>Por: Valentina Hern\u00e1ndez y Manuela Cardona<\/strong><\/p>\n\n\n\n<p>Con una trayectoria de 25 a\u00f1os trabajando en el Colegio Bol\u00edvar, la profesora Adriana Rodas (K\u00ednder 4), ha dejado una huella permanente en la comunidad. Su amor y pasi\u00f3n por ense\u00f1ar se reflejan en cada acci\u00f3n y, sin duda, su gran compromiso por hacer de la educaci\u00f3n un \u00e1mbito en donde todos se sientan integrados y respetados.&nbsp;<\/p>\n\n\n\n<p>Su historia nos ha dejado un poco sorprendidas ya que su amor por la educaci\u00f3n ha sido desde siempre, desde los 12 a\u00f1os de edad con una compa\u00f1era del colegio, invitaban a su casa a algunos ni\u00f1os del barrio Terr\u00f3n Colorado, vecino del lugar en donde ellas viv\u00edan, all\u00ed les ense\u00f1aba mientras su amiga cocinaba; hoy ambas son profesoras.&nbsp;<\/p>\n\n\n\n<p>Su mayor logro radica en respetar los ritmos de aprendizaje de cada ni\u00f1o. Esto lo ha logrado a trav\u00e9s de actividades que enganchan a los peque\u00f1os, se llaman <em>centers<\/em>. Peque\u00f1os grupos de ni\u00f1os, m\u00e1ximo 5 por estaci\u00f3n, trabajando solos en esos espacios, creando su propio conocimiento y ella, como profesora, movilizando ese pensamiento. Estas actividades han sido muy enriquecedoras ya que los peque\u00f1os aplican lo aprendido en casa. Adem\u00e1s, su ritual de <em>storytime<\/em> no s\u00f3lo inspira el amor por la lectura, sino que tambi\u00e9n crea un ambiente seguro y familiar en el sal\u00f3n.&nbsp;<\/p>\n\n\n\n<p>Adriana expresa que han surgido muchos cambios en la educaci\u00f3n a largo plazo, por ejemplo, todo lo que ocurri\u00f3 a partir de la pandemia: la virtualidad. Siente que la educaci\u00f3n ya no depende tanto de los profesores, sino que los estudiantes deben llevar el ritmo de su propio aprendizaje para crecer.&nbsp;<\/p>\n\n\n\n<p>En toda su experiencia a largo de su carrera ha tocado demasiados corazones, no solo a los de los ni\u00f1os, tambi\u00e9n a padres de familia e incluso a sus colegas, \u201ces impresionante ver como ni\u00f1os que fueron mis estudiantes desde los 4 a\u00f1os ya se graduaron y reflejan los valores que se vienen trabajando desde kinder\u201d. Su recomendaci\u00f3n para los futuros profesores de k4 y k5 siempre va a ser que conozcan al estudiante de una manera en la que respeten su proceso de aprendizaje y lo acompa\u00f1en en todo momento.&nbsp;<\/p>\n\n\n\n<p>Por otro lado, su deseo de seguir involucrada en la educaci\u00f3n perdurar\u00e1, ya que su mayor anhelo al dejar el Colegio Bol\u00edvar es continuar con una labor social que impactar\u00e1 el bienestar de una comunidad. El mensaje que la profesora quiere dejar a sus estudiantes y a sus compa\u00f1eros es \u201cque a pesar de que la vida tenga muchos <em>ups and downs <\/em>sigan creyendo en s\u00ed mismos, siempre teniendo un objetivo claro para poder llegar a su meta, y que los quiero mucho\u201d.&nbsp;<\/p>\n\n\n\n<p>Sin lugar a dudas, Adriana dejar\u00e1 un legado de respeto, amor y dedicaci\u00f3n hacia los ni\u00f1os y sus familias, marcando un antes y un despu\u00e9s en la comunidad Bol\u00edvar, su carrera profesional est\u00e1 llena de ense\u00f1anzas, alegr\u00edas, amor y crecimiento personal en los m\u00e1s peque\u00f1os.&nbsp;<\/p>\n","protected":false},"excerpt":{"rendered":"<p>\u201cA pesar de que la vida tenga muchos ups and downs sigan creyendo en s\u00ed mismos\u201d Por: Valentina Hern\u00e1ndez y Manuela Cardona Con una trayectoria de 25 a\u00f1os trabajando en el Colegio Bol\u00edvar, la profesora Adriana Rodas (K\u00ednder 4), ha dejado una huella permanente en la comunidad. Su amor y pasi\u00f3n por ense\u00f1ar se reflejan [&hellip;]<\/p>\n","protected":false},"author":1,"featured_media":0,"comment_status":"open","ping_status":"open","sticky":false,"template":"","format":"standard","meta":{"_acf_changed":false,"footnotes":""},"categories":[1],"tags":[],"class_list":["post-34911","post","type-post","status-publish","format-standard","hentry","category-uncategorized"],"acf":[],"_links":{"self":[{"href":"https:\/\/www.colegiobolivar.edu.co\/website\/wp-json\/wp\/v2\/posts\/34911","targetHints":{"allow":["GET"]}}],"collection":[{"href":"https:\/\/www.colegiobolivar.edu.co\/website\/wp-json\/wp\/v2\/posts"}],"about":[{"href":"https:\/\/www.colegiobolivar.edu.co\/website\/wp-json\/wp\/v2\/types\/post"}],"author":[{"embeddable":true,"href":"https:\/\/www.colegiobolivar.edu.co\/website\/wp-json\/wp\/v2\/users\/1"}],"replies":[{"embeddable":true,"href":"https:\/\/www.colegiobolivar.edu.co\/website\/wp-json\/wp\/v2\/comments?post=34911"}],"version-history":[{"count":0,"href":"https:\/\/www.colegiobolivar.edu.co\/website\/wp-json\/wp\/v2\/posts\/34911\/revisions"}],"wp:attachment":[{"href":"https:\/\/www.colegiobolivar.edu.co\/website\/wp-json\/wp\/v2\/media?parent=34911"}],"wp:term":[{"taxonomy":"category","embeddable":true,"href":"https:\/\/www.colegiobolivar.edu.co\/website\/wp-json\/wp\/v2\/categories?post=34911"},{"taxonomy":"post_tag","embeddable":true,"href":"https:\/\/www.colegiobolivar.edu.co\/website\/wp-json\/wp\/v2\/tags?post=34911"}],"curies":[{"name":"wp","href":"https:\/\/api.w.org\/{rel}","templated":true}]}}