{"id":34915,"date":"2025-10-16T18:10:19","date_gmt":"2025-10-16T18:10:19","guid":{"rendered":"https:\/\/colegiobolivar.edu.co\/website\/adriana-mejia\/"},"modified":"2025-10-16T18:10:19","modified_gmt":"2025-10-16T18:10:19","slug":"adriana-mejia","status":"publish","type":"post","link":"https:\/\/www.colegiobolivar.edu.co\/website\/adriana-mejia\/","title":{"rendered":"Adriana Mej\u00eda"},"content":{"rendered":"\n<h2 class=\"wp-block-heading\">\u00abMe considero afortunada de haber encontrado mi vocaci\u00f3n en este Colegio\u00bb<\/h2>\n\n\n\n<figure class=\"wp-block-image size-large is-resized\"><img decoding=\"async\" sizes=\"(max-width: 684px) 100vw, 684px\" src=\"https:\/\/www.colegiobolivar.edu.co\/website\/wp-content\/uploads\/2024\/05\/ADRIANA-MEJIA-683x1024.jpg\" alt=\"\" class=\"wp-image-21703\" style=\"width:237px;height:auto\"\/><\/figure>\n\n\n\n<p><strong>Por: Samuel Becerra Moncada<\/strong><\/p>\n\n\n\n<p>Adriana Mej\u00eda es una profesora emblem\u00e1tica en el Colegio Bol\u00edvar pues ha dedicado 42 a\u00f1os de su vida a la ense\u00f1anza en Kinder 4. Desde sus inicios como estudiante en esta instituci\u00f3n hasta convertirse en una maestra querida y respetada, ha dejado una huella indeleble en la comunidad educativa. \u00abMe considero afortunada de haber encontrado mi vocaci\u00f3n en este Colegio\u00bb, afirma Adriana, quien ingres\u00f3 como asistente y, desde entonces, ha acompa\u00f1ado el crecimiento y desarrollo de cuarenta y dos generaciones de ni\u00f1os. Su decisi\u00f3n de permanecer en el Colegio Bol\u00edvar durante toda su carrera se basa en su profundo amor por la educaci\u00f3n preescolar y su convicci\u00f3n de que este es el entorno ideal para su labor como docente.<\/p>\n\n\n\n<p>La relaci\u00f3n con los padres de familia en Kinder 4 es una parte fundamental de su trabajo. Reconoce la delicadeza de este v\u00ednculo, especialmente porque los padres est\u00e1n ansiosos por dejar a sus hijos en la escuela por primera vez. \u00abComo profesora, tambi\u00e9n tengo la responsabilidad de ense\u00f1ar a los padres a soltar a sus hijos, y eso requiere mucha paciencia\u00bb, comenta Adriana. Durante su trayectoria, el Colegio Bol\u00edvar ha brindado a Adriana la oportunidad de seguir form\u00e1ndose y creciendo profesionalmente. A trav\u00e9s de programas de desarrollo docente y oportunidades de aprendizaje continuo, ha mantenido su compromiso de ofrecer una educaci\u00f3n de calidad a sus estudiantes.<\/p>\n\n\n\n<p>\u00abLo m\u00e1s importante para m\u00ed es formar v\u00ednculos s\u00f3lidos con los ni\u00f1os, para que se sientan seguros y puedan desarrollar un amor por el aprendizaje\u00bb, expresa la profesora. Su enfoque en el crecimiento personal y acad\u00e9mico de cada estudiante ha sido una constante a lo largo de los a\u00f1os. Adriana reconoce que enfrent\u00f3 desaf\u00edos, especialmente con ni\u00f1os con comportamientos dif\u00edciles, pero siempre busc\u00f3 estrategias para comprender sus acciones y colaborar con sus familias en su desarrollo.<\/p>\n\n\n\n<p>Adriana Mej\u00eda ha sido mucho m\u00e1s que una maestra para sus estudiantes, ha sido una gu\u00eda, una inspiraci\u00f3n y un apoyo incondicional en su viaje educativo y personal. Su dedicaci\u00f3n y compromiso con el desarrollo integral de cada ni\u00f1o se reflejan en los lazos profundos que ha formado a lo largo de los a\u00f1os. Nos cont\u00f3 que uno de los momentos m\u00e1s conmovedores de su carrera ocurri\u00f3 recientemente cuando se encontr\u00f3 con la noticia del emprendimiento de uno de sus primeros estudiantes, ahora adulto. \u00abMe conmovi\u00f3 mucho ver su evoluci\u00f3n, pues era uno de los estudiantes m\u00e1s dif\u00edciles\u00bb, recuerda Adriana. Este encuentro fue un testimonio del impacto duradero que una maestra puede tener en la vida de sus alumnos y una confirmaci\u00f3n del legado que ella ha dejado en el Colegio Bol\u00edvar.<\/p>\n\n\n\n<p>\u00abLo que m\u00e1s voy a extra\u00f1ar del colegio es la comunidad, la naturaleza, los ni\u00f1os\u00bb, reflexiona Adriana. Su vida como profesora ha sido enriquecida por la vitalidad y la alegr\u00eda de trabajar con los m\u00e1s peque\u00f1os. Como consejo para futuros docentes, destaca la importancia de mantener una mente abierta y una actitud resiliente frente a los desaf\u00edos que presenta la profesi\u00f3n. En resumen, la dedicaci\u00f3n y el compromiso de Adriana Mej\u00eda han dejado una huella imborrable en el Colegio Bol\u00edvar. Su legado perdurar\u00e1 en la memoria de quienes tuvieron el privilegio de conocerla y aprender de ella.<\/p>\n","protected":false},"excerpt":{"rendered":"<p>\u00abMe considero afortunada de haber encontrado mi vocaci\u00f3n en este Colegio\u00bb Por: Samuel Becerra Moncada Adriana Mej\u00eda es una profesora emblem\u00e1tica en el Colegio Bol\u00edvar pues ha dedicado 42 a\u00f1os de su vida a la ense\u00f1anza en Kinder 4. Desde sus inicios como estudiante en esta instituci\u00f3n hasta convertirse en una maestra querida y respetada, [&hellip;]<\/p>\n","protected":false},"author":1,"featured_media":0,"comment_status":"open","ping_status":"open","sticky":false,"template":"","format":"standard","meta":{"_acf_changed":false,"footnotes":""},"categories":[1],"tags":[],"class_list":["post-34915","post","type-post","status-publish","format-standard","hentry","category-uncategorized"],"acf":[],"_links":{"self":[{"href":"https:\/\/www.colegiobolivar.edu.co\/website\/wp-json\/wp\/v2\/posts\/34915","targetHints":{"allow":["GET"]}}],"collection":[{"href":"https:\/\/www.colegiobolivar.edu.co\/website\/wp-json\/wp\/v2\/posts"}],"about":[{"href":"https:\/\/www.colegiobolivar.edu.co\/website\/wp-json\/wp\/v2\/types\/post"}],"author":[{"embeddable":true,"href":"https:\/\/www.colegiobolivar.edu.co\/website\/wp-json\/wp\/v2\/users\/1"}],"replies":[{"embeddable":true,"href":"https:\/\/www.colegiobolivar.edu.co\/website\/wp-json\/wp\/v2\/comments?post=34915"}],"version-history":[{"count":0,"href":"https:\/\/www.colegiobolivar.edu.co\/website\/wp-json\/wp\/v2\/posts\/34915\/revisions"}],"wp:attachment":[{"href":"https:\/\/www.colegiobolivar.edu.co\/website\/wp-json\/wp\/v2\/media?parent=34915"}],"wp:term":[{"taxonomy":"category","embeddable":true,"href":"https:\/\/www.colegiobolivar.edu.co\/website\/wp-json\/wp\/v2\/categories?post=34915"},{"taxonomy":"post_tag","embeddable":true,"href":"https:\/\/www.colegiobolivar.edu.co\/website\/wp-json\/wp\/v2\/tags?post=34915"}],"curies":[{"name":"wp","href":"https:\/\/api.w.org\/{rel}","templated":true}]}}