{"id":34917,"date":"2025-10-16T18:10:19","date_gmt":"2025-10-16T18:10:19","guid":{"rendered":"https:\/\/colegiobolivar.edu.co\/website\/maria-fernanda-molina\/"},"modified":"2025-10-16T18:10:19","modified_gmt":"2025-10-16T18:10:19","slug":"maria-fernanda-molina","status":"publish","type":"post","link":"https:\/\/www.colegiobolivar.edu.co\/website\/maria-fernanda-molina\/","title":{"rendered":"Maria Fernanda Molina"},"content":{"rendered":"\n<h2 class=\"wp-block-heading\">\u201cNo hay que quedarse en nuestro propio mundo, sino que hay que mirar a quien est\u00e1 a nuestro lado y escucharlo\u201d<\/h2>\n\n\n\n<p><img decoding=\"async\" width=\"233\" height=\"310.69575815433495\" src=\"https:\/\/lh7-us.googleusercontent.com\/Zrp7ZVn9sogkHdUxYD9PIJmv6wvemmIKllSzvYmmF2IwbrknfFkkhhiN9YzzdFpujflW4lQRfzO8HD50vzbx8xk8hwAXWgMNg0ZdTx0cRXwa8E5sjTzyXVmGCUq2hob9hd2WnSbSyeD5pIenYck0IzY\"><\/p>\n\n\n\n<p><strong>Por: Sof\u00eda Su\u00e1rez y Gaia Galli-Zugaro\u00a0<\/strong><\/p>\n\n\n\n<p>\u201cTreinta y cinco a\u00f1os llevo ejerciendo como maestra\u201d respondi\u00f3 Maria Fernanda al preguntarle cu\u00e1nto tiempo le ha dedicado a su profesi\u00f3n, pero nos aclara que con el Colegio Bol\u00edvar lleva siete a\u00f1os. Maria Fernanda Molina es profesora de Espa\u00f1ol en la secci\u00f3n de primaria. Mrs. Molina se interes\u00f3 en formar parte de la comunidad Bol\u00edvar luego de ver la p\u00e1gina del colegio, lo cual la hizo pensar \u201cuy ese colegio tan lindo\u201d. Ella explica que se inscribi\u00f3 para aplicar como maestra y present\u00f3 la entrevista, pero no pas\u00f3, lo que la llev\u00f3 a concluir, \u201cbueno, no era para m\u00ed\u201d. Un a\u00f1o despu\u00e9s, la directora de Primaria, Mrs. Perskie, le ofreci\u00f3 una plaza y ella accedi\u00f3 inmediatamente.\u00a0<\/p>\n\n\n\n<p>Acerca de&nbsp; por qu\u00e9 eligi\u00f3 la profesi\u00f3n de maestra, afirma: \u201cNo tengo respuesta clara, m\u00e1s bien puedo hablar de las cosas que no podr\u00eda hacer\u201d. Explica que nunca dese\u00f3 un trabajo de escritorio, donde se aislara de las personas y completara las tareas en silencio. Expresa su verdadero amor por ser profesora al recalcar que para ella no hay nada m\u00e1s gratificante que \u201cayudar a otro, colaborar, y la posibilidad de que uno pueda ser significativo en la vida de alguien\u201d.&nbsp;<\/p>\n\n\n\n<p>Se siente honrada por haber pasado&nbsp; estos a\u00f1os en el colegio. Le \u201cencanta\u201d el colegaje y la amabilidad de todos los miembros del Bol\u00edvar. En su primera semana ac\u00e1 observ\u00f3 que el Dr. Nagy caminaba por el colegio saludando a los estudiantes y a los trabajadores por su nombre, en ese momento pens\u00f3&nbsp; \u201cwow, yo soy parte de esta comunidad\u201d.<\/p>\n\n\n\n<figure class=\"wp-block-gallery has-nested-images columns-default is-cropped wp-block-gallery-1 is-layout-flex wp-block-gallery-is-layout-flex\">\n<figure class=\"wp-block-image size-large\"><img decoding=\"async\" width=\"246\" height=\"185\" data-id=\"21676\" src=\"https:\/\/www.colegiobolivar.edu.co\/website\/wp-content\/uploads\/2024\/05\/Picture8.jpg\" alt=\"\" class=\"wp-image-21676\"\/><\/figure>\n\n\n\n<figure class=\"wp-block-image size-large\"><img fetchpriority=\"high\" decoding=\"async\" width=\"293\" height=\"220\" data-id=\"21677\" src=\"https:\/\/www.colegiobolivar.edu.co\/website\/wp-content\/uploads\/2024\/05\/Picture9.jpg\" alt=\"\" class=\"wp-image-21677\"\/><\/figure>\n\n\n\n<figure class=\"wp-block-image size-large\"><img decoding=\"async\" width=\"281\" height=\"225\" data-id=\"21678\" src=\"https:\/\/www.colegiobolivar.edu.co\/website\/wp-content\/uploads\/2024\/05\/Picture10.jpg\" alt=\"\" class=\"wp-image-21678\"\/><\/figure>\n<\/figure>\n\n\n\n<p>A poco tiempo de retirarse, Mrs. Molina comenta que solo tiene agradecimiento para la comunidad educativa. Explica que los estudiantes la ayudan a ser una mejor maestra y a crecer como persona. Es por esto que cada d\u00eda intenta inculcar en sus estudiantes valores como el respeto, la integridad y el valor de trabajar en comunidad;&nbsp; \u201cese es mi credo diario, no hay que quedarse en nuestro propio mundo, sino que hay que mirar a quien est\u00e1 a nuestro lado y escucharlo\u201d, explica la maestra.&nbsp;<\/p>\n\n\n\n<p>Al pedirle un consejo para un futuro docente, responde que \u201cla docencia no es algo que te va a dar dinero\u201d. Pero aclara que hay instituciones que valoran mucho a los maestros, as\u00ed como el Colegio Bol\u00edvar. Enfatiza en que no hay nada m\u00e1s valioso que el conocimiento y que los maestros tienen la herramienta para difundirlo.&nbsp;<\/p>\n\n\n\n<p>Mrs. Molina concluye expresando que al cerrar su ciclo como maestra va a extra\u00f1ar muchas cosas, \u201cla gente y los colegas, el contacto con los ni\u00f1os, el campus\u201d. Pero explica que lo que m\u00e1s extra\u00f1ar\u00e1 son los momentos retadores que conllevan a aprendizajes profundos. Todos los d\u00edas da las gracias por haber servido a la comunidad, se va tranquila, con la certeza de que logr\u00f3 aportar a la vida y al desarrollo de muchos de sus estudiantes.<\/p>\n\n\n\n<p> \u00a0<\/p>\n\n\n\n<p><\/p>\n","protected":false},"excerpt":{"rendered":"<p>\u201cNo hay que quedarse en nuestro propio mundo, sino que hay que mirar a quien est\u00e1 a nuestro lado y escucharlo\u201d Por: Sof\u00eda Su\u00e1rez y Gaia Galli-Zugaro\u00a0 \u201cTreinta y cinco a\u00f1os llevo ejerciendo como maestra\u201d respondi\u00f3 Maria Fernanda al preguntarle cu\u00e1nto tiempo le ha dedicado a su profesi\u00f3n, pero nos aclara que con el Colegio [&hellip;]<\/p>\n","protected":false},"author":1,"featured_media":0,"comment_status":"open","ping_status":"open","sticky":false,"template":"","format":"standard","meta":{"_acf_changed":false,"footnotes":""},"categories":[1],"tags":[],"class_list":["post-34917","post","type-post","status-publish","format-standard","hentry","category-uncategorized"],"acf":[],"_links":{"self":[{"href":"https:\/\/www.colegiobolivar.edu.co\/website\/wp-json\/wp\/v2\/posts\/34917","targetHints":{"allow":["GET"]}}],"collection":[{"href":"https:\/\/www.colegiobolivar.edu.co\/website\/wp-json\/wp\/v2\/posts"}],"about":[{"href":"https:\/\/www.colegiobolivar.edu.co\/website\/wp-json\/wp\/v2\/types\/post"}],"author":[{"embeddable":true,"href":"https:\/\/www.colegiobolivar.edu.co\/website\/wp-json\/wp\/v2\/users\/1"}],"replies":[{"embeddable":true,"href":"https:\/\/www.colegiobolivar.edu.co\/website\/wp-json\/wp\/v2\/comments?post=34917"}],"version-history":[{"count":0,"href":"https:\/\/www.colegiobolivar.edu.co\/website\/wp-json\/wp\/v2\/posts\/34917\/revisions"}],"wp:attachment":[{"href":"https:\/\/www.colegiobolivar.edu.co\/website\/wp-json\/wp\/v2\/media?parent=34917"}],"wp:term":[{"taxonomy":"category","embeddable":true,"href":"https:\/\/www.colegiobolivar.edu.co\/website\/wp-json\/wp\/v2\/categories?post=34917"},{"taxonomy":"post_tag","embeddable":true,"href":"https:\/\/www.colegiobolivar.edu.co\/website\/wp-json\/wp\/v2\/tags?post=34917"}],"curies":[{"name":"wp","href":"https:\/\/api.w.org\/{rel}","templated":true}]}}