{"id":34918,"date":"2025-10-16T18:10:19","date_gmt":"2025-10-16T18:10:19","guid":{"rendered":"https:\/\/colegiobolivar.edu.co\/website\/ana-milena-gamez\/"},"modified":"2025-10-16T18:10:19","modified_gmt":"2025-10-16T18:10:19","slug":"ana-milena-gamez","status":"publish","type":"post","link":"https:\/\/www.colegiobolivar.edu.co\/website\/ana-milena-gamez\/","title":{"rendered":"Ana Milena G\u00e1mez"},"content":{"rendered":"\n<h2 class=\"wp-block-heading\">Orgullosa de haber aportado un granito de arena a su pa\u00eds a trav\u00e9s de la educaci\u00f3n<\/h2>\n\n\n\n<figure class=\"wp-block-image\"><img decoding=\"async\" src=\"https:\/\/lh7-us.googleusercontent.com\/CuxH8VEqZyr15gB3YxshE3GN9iyDGg2qfa3c_2KAidDKUk6JGWa0r37fhN3FtQo9yu5WpfMfSF_y_zzvldEN3y4zlDPs6h30SKIbIcg7h3Go-u_iuMzmZawdmYQ9JIzi09HfOWKFtUDYZHkkxQ8RvZM\" alt=\"\"\/><\/figure>\n\n\n\n<p><\/p>\n\n\n\n<p><strong>Por: Lorenzo Jaramillo y Mariana Paredes Cruz<\/strong><\/p>\n\n\n\n<p>\u201cVeinte a\u00f1os cumpliditos\u201d, cuenta Ana Milena G\u00e1mez cuando se le pregunta cu\u00e1ntos a\u00f1os lleva trabajando en el Colegio Bol\u00edvar. Ms. G\u00e1mez entr\u00f3 al colegio en agosto del a\u00f1o 2004. Empez\u00f3 trabajando en el \u00e1mbito de la fotograf\u00eda, pues despu\u00e9s de graduarse de su pregrado en la Universidad del Valle lleg\u00f3 al Colegio Bol\u00edvar como la asistente de la fot\u00f3grafa de ese entonces.\u00a0<\/p>\n\n\n\n<p>Ms. G\u00e1mez trabaj\u00f3 en diversos colegios antes de llegar al Bol\u00edvar, y solo estuvo en ellos durante dos a tres a\u00f1os, pues no le terminaba de gustar el ambiente de ning\u00fan colegio. Pero al conocer el Bol\u00edvar qued\u00f3 fascinada, \u201cllegu\u00e9 feliz, era un sue\u00f1o para m\u00ed\u201d. Cuenta que lo que m\u00e1s le gust\u00f3 del colegio apenas lleg\u00f3, fue que los estudiantes no ten\u00edan uniforme, y&nbsp; que era un ambiente multicultural.&nbsp;<\/p>\n\n\n\n<p>Luego de ser fot\u00f3grafa, fue profesora de Espa\u00f1ol en 10\u00b0, 11\u00b0, 12\u00b0; en esa \u00e9poca los profesores rotaban por los diferentes niveles. Al momento de quedarse en un grado espec\u00edfico, Ana Milena se encari\u00f1\u00f3 con \u201cel que m\u00e1s he dominado, con el que me he especializado es d\u00e9cimo\u201d.<\/p>\n\n\n\n<p>Acerca de su experiencia laboral, Ana Milena afirma que ha tenido una carrera muy feliz en el Colegio Bol\u00edvar. Habla con nostalgia de cada uno de sus estudiantes, entre sonrisas recuerda a los \u201ccansones\u201d, a los \u201cjuiciosos\u201d, a los que vienen a contarle problemas; dice que cada uno de sus estudiantes es espont\u00e1neo. Disfruta de las risas y el cari\u00f1o que recibe de ellos cada a\u00f1o.&nbsp;<\/p>\n\n\n\n<p>Mrs. G\u00e1mez cuenta que leer libros o publicaciones de quienes fueron sus estudiantes es una de las cosas que m\u00e1s alegr\u00eda le producen. Expresa que obtuvo su t\u00edtulo de Mag\u00edster en Educaci\u00f3n gracias al apoyo que recibi\u00f3 de parte del colegio, reconoce que fue un proceso enriquecedor que le ayud\u00f3 a desarrollar una mejor perspectiva de sus estudiantes y a mejorar sus din\u00e1micas de ense\u00f1anza.&nbsp;<\/p>\n\n\n\n<p>La profesora Ana Milena se siente orgullosa de haber aportado un granito de arena a su pa\u00eds, \u201chice patria\u201d &#8211; afirma. Sabe que siempre promovi\u00f3 los valores en sus estudiantes y se va satisfecha de que, adem\u00e1s de ense\u00f1ar temas acad\u00e9micos, se esforz\u00f3 para que sus estudiantes crecieran como personas.&nbsp;<\/p>\n","protected":false},"excerpt":{"rendered":"<p>Orgullosa de haber aportado un granito de arena a su pa\u00eds a trav\u00e9s de la educaci\u00f3n Por: Lorenzo Jaramillo y Mariana Paredes Cruz \u201cVeinte a\u00f1os cumpliditos\u201d, cuenta Ana Milena G\u00e1mez cuando se le pregunta cu\u00e1ntos a\u00f1os lleva trabajando en el Colegio Bol\u00edvar. Ms. G\u00e1mez entr\u00f3 al colegio en agosto del a\u00f1o 2004. Empez\u00f3 trabajando en [&hellip;]<\/p>\n","protected":false},"author":1,"featured_media":0,"comment_status":"open","ping_status":"open","sticky":false,"template":"","format":"standard","meta":{"_acf_changed":false,"footnotes":""},"categories":[1],"tags":[],"class_list":["post-34918","post","type-post","status-publish","format-standard","hentry","category-uncategorized"],"acf":[],"_links":{"self":[{"href":"https:\/\/www.colegiobolivar.edu.co\/website\/wp-json\/wp\/v2\/posts\/34918","targetHints":{"allow":["GET"]}}],"collection":[{"href":"https:\/\/www.colegiobolivar.edu.co\/website\/wp-json\/wp\/v2\/posts"}],"about":[{"href":"https:\/\/www.colegiobolivar.edu.co\/website\/wp-json\/wp\/v2\/types\/post"}],"author":[{"embeddable":true,"href":"https:\/\/www.colegiobolivar.edu.co\/website\/wp-json\/wp\/v2\/users\/1"}],"replies":[{"embeddable":true,"href":"https:\/\/www.colegiobolivar.edu.co\/website\/wp-json\/wp\/v2\/comments?post=34918"}],"version-history":[{"count":0,"href":"https:\/\/www.colegiobolivar.edu.co\/website\/wp-json\/wp\/v2\/posts\/34918\/revisions"}],"wp:attachment":[{"href":"https:\/\/www.colegiobolivar.edu.co\/website\/wp-json\/wp\/v2\/media?parent=34918"}],"wp:term":[{"taxonomy":"category","embeddable":true,"href":"https:\/\/www.colegiobolivar.edu.co\/website\/wp-json\/wp\/v2\/categories?post=34918"},{"taxonomy":"post_tag","embeddable":true,"href":"https:\/\/www.colegiobolivar.edu.co\/website\/wp-json\/wp\/v2\/tags?post=34918"}],"curies":[{"name":"wp","href":"https:\/\/api.w.org\/{rel}","templated":true}]}}