{"id":34920,"date":"2025-10-16T18:10:19","date_gmt":"2025-10-16T18:10:19","guid":{"rendered":"https:\/\/colegiobolivar.edu.co\/website\/maria-ligia-rendon\/"},"modified":"2025-10-16T18:10:19","modified_gmt":"2025-10-16T18:10:19","slug":"maria-ligia-rendon","status":"publish","type":"post","link":"https:\/\/www.colegiobolivar.edu.co\/website\/maria-ligia-rendon\/","title":{"rendered":"Mar\u00eda Ligia Rend\u00f3n"},"content":{"rendered":"\n<h2 class=\"wp-block-heading\">\u201cSiempre los llevar\u00e9 en el coraz\u00f3n\u201d<\/h2>\n\n\n\n<figure class=\"wp-block-image size-large is-resized\"><img fetchpriority=\"high\" decoding=\"async\" width=\"576\" height=\"1024\" sizes=\"(max-width: 576px) 100vw, 576px\" src=\"https:\/\/www.colegiobolivar.edu.co\/website\/wp-content\/uploads\/2024\/05\/WhatsApp-Image-2024-05-20-at-3.58.09-PM-576x1024.jpeg\" alt=\"\" class=\"wp-image-21705\" style=\"width:231px;height:auto\" srcset=\"https:\/\/www.colegiobolivar.edu.co\/website\/wp-content\/uploads\/2024\/05\/WhatsApp-Image-2024-05-20-at-3.58.09-PM-576x1024.jpeg 576w, https:\/\/www.colegiobolivar.edu.co\/website\/wp-content\/uploads\/2024\/05\/WhatsApp-Image-2024-05-20-at-3.58.09-PM-169x300.jpeg 169w, https:\/\/www.colegiobolivar.edu.co\/website\/wp-content\/uploads\/2024\/05\/WhatsApp-Image-2024-05-20-at-3.58.09-PM-768x1365.jpeg 768w, https:\/\/www.colegiobolivar.edu.co\/website\/wp-content\/uploads\/2024\/05\/WhatsApp-Image-2024-05-20-at-3.58.09-PM-864x1536.jpeg 864w, https:\/\/www.colegiobolivar.edu.co\/website\/wp-content\/uploads\/2024\/05\/WhatsApp-Image-2024-05-20-at-3.58.09-PM.jpeg 900w\" \/><\/figure>\n\n\n\n<p><\/p>\n\n\n\n<p><strong>Por: Valentina Tello<\/strong><\/p>\n\n\n\n<p>Este a\u00f1o, el Colegio Bol\u00edvar se despide de una hermosa persona: Mar\u00eda Ligia Rend\u00f3n, del equipo de mantenimiento se jubila despu\u00e9s de catorce a\u00f1os en nuestra instituci\u00f3n.&nbsp;<\/p>\n\n\n\n<p>Mar\u00eda Ligia pas\u00f3 por m\u00faltiples espacios laborales. Durante 13 a\u00f1os fue vendedora en un almac\u00e9n, estuvo 7 a\u00f1os como Auxiliar de Central de Material en la Cl\u00ednica Santiago de Cali,&nbsp; 8 a\u00f1os en el campo de hoteler\u00eda y turismo, y otros m\u00e1s en un jard\u00edn de Bienestar Familiar. Mar\u00eda Ligia lo ha hecho todo, sin embargo, fue la comunidad Bol\u00edvar la que tuvo la oportunidad de acogerla en estos \u00faltimos a\u00f1os.&nbsp;<\/p>\n\n\n\n<p>Cuenta que una prima suya la recomend\u00f3 para ocupar una plaza en la secci\u00f3n de mantenimiento, all\u00ed empez\u00f3 la recta final para cumplir una de sus metas m\u00e1s importantes: la pensi\u00f3n. Hoy, con mucho orgullo, Mar\u00eda Ligia puede afirmar que lo ha conseguido. Para quienes hacemos parte de la comunidad Bol\u00edvar es un placer haber acompa\u00f1ado a Mar\u00eda Ligia en este proceso. De igual forma, es una l\u00e1stima separarnos de una excelente trabajadora, compa\u00f1era y amiga.&nbsp;&nbsp;<\/p>\n\n\n\n<p>Mar\u00eda Ligia se va contenta por haber compartido con un gran equipo de trabajo. Conversando con ella, expresa su agradecimiento a \u2018Don Diego\u2019, refiri\u00e9ndose a Diego Arias el jefe de mantenimiento, por su respeto y consideraci\u00f3n con los empleados. Adem\u00e1s, se siente afortunada de acabar su etapa laboral ac\u00e1, d\u00e1ndole las gracias al Colegio y al Dr. Nagy por la oportunidad de ejercer y crecer aqu\u00ed. Asimismo, se va agradecida con todos sus compa\u00f1eros, a quienes les tiene mucho respeto y cari\u00f1o, afirma que siempre los llevar\u00e1 en el coraz\u00f3n.<\/p>\n\n\n\n<p>La jubilaci\u00f3n marca el final de un cap\u00edtulo de la vida de Mar\u00eda Ligia Rend\u00f3n, pero tambi\u00e9n el inicio de uno a\u00fan mejor. Al pensionarse, planea descansar mucho y salir a pasear. Sobre todo, desea disfrutar en compa\u00f1\u00eda de su \u201cgordo\u201d, su esposo, quien est\u00e1 atravesando por una enfermedad, pero ella estar\u00e1 all\u00ed para cuidarlo y gozar juntos cada momento.<\/p>\n\n\n\n<p>Por \u00faltimo, Maria Ligia comenta que \u201cva a ser fuerte\u201d cuando deje el colegio, pues lo va a extra\u00f1ar mucho. Resalta que est\u00e1 acostumbrada a la rutina y a compartir con sus compa\u00f1eros a diario, pero a\u00f1ade que \u201chay que dejarle el espacio y la oportunidad a otras personas\u201d.<\/p>\n","protected":false},"excerpt":{"rendered":"<p>\u201cSiempre los llevar\u00e9 en el coraz\u00f3n\u201d Por: Valentina Tello Este a\u00f1o, el Colegio Bol\u00edvar se despide de una hermosa persona: Mar\u00eda Ligia Rend\u00f3n, del equipo de mantenimiento se jubila despu\u00e9s de catorce a\u00f1os en nuestra instituci\u00f3n.&nbsp; Mar\u00eda Ligia pas\u00f3 por m\u00faltiples espacios laborales. Durante 13 a\u00f1os fue vendedora en un almac\u00e9n, estuvo 7 a\u00f1os como [&hellip;]<\/p>\n","protected":false},"author":1,"featured_media":0,"comment_status":"open","ping_status":"open","sticky":false,"template":"","format":"standard","meta":{"_acf_changed":false,"footnotes":""},"categories":[1],"tags":[],"class_list":["post-34920","post","type-post","status-publish","format-standard","hentry","category-uncategorized"],"acf":[],"_links":{"self":[{"href":"https:\/\/www.colegiobolivar.edu.co\/website\/wp-json\/wp\/v2\/posts\/34920","targetHints":{"allow":["GET"]}}],"collection":[{"href":"https:\/\/www.colegiobolivar.edu.co\/website\/wp-json\/wp\/v2\/posts"}],"about":[{"href":"https:\/\/www.colegiobolivar.edu.co\/website\/wp-json\/wp\/v2\/types\/post"}],"author":[{"embeddable":true,"href":"https:\/\/www.colegiobolivar.edu.co\/website\/wp-json\/wp\/v2\/users\/1"}],"replies":[{"embeddable":true,"href":"https:\/\/www.colegiobolivar.edu.co\/website\/wp-json\/wp\/v2\/comments?post=34920"}],"version-history":[{"count":0,"href":"https:\/\/www.colegiobolivar.edu.co\/website\/wp-json\/wp\/v2\/posts\/34920\/revisions"}],"wp:attachment":[{"href":"https:\/\/www.colegiobolivar.edu.co\/website\/wp-json\/wp\/v2\/media?parent=34920"}],"wp:term":[{"taxonomy":"category","embeddable":true,"href":"https:\/\/www.colegiobolivar.edu.co\/website\/wp-json\/wp\/v2\/categories?post=34920"},{"taxonomy":"post_tag","embeddable":true,"href":"https:\/\/www.colegiobolivar.edu.co\/website\/wp-json\/wp\/v2\/tags?post=34920"}],"curies":[{"name":"wp","href":"https:\/\/api.w.org\/{rel}","templated":true}]}}