{"id":34938,"date":"2025-10-16T18:10:23","date_gmt":"2025-10-16T18:10:23","guid":{"rendered":"https:\/\/colegiobolivar.edu.co\/website\/expresiones-artisticas-en-2023-2024-un-recorrido-de-talento-y-creatividad\/"},"modified":"2025-10-16T18:10:23","modified_gmt":"2025-10-16T18:10:23","slug":"expresiones-artisticas-en-2023-2024-un-recorrido-de-talento-y-creatividad","status":"publish","type":"post","link":"https:\/\/www.colegiobolivar.edu.co\/website\/expresiones-artisticas-en-2023-2024-un-recorrido-de-talento-y-creatividad\/","title":{"rendered":"Expresiones Art\u00edsticas en 2023-2024: un recorrido de talento y creatividad"},"content":{"rendered":"\n<p>El a\u00f1o escolar 2023-2024 ha sido un periodo vibrante y lleno de creatividad para el Departamento de Artes del Colegio Bolivar. Con una amplia gama de eventos y actividades, los estudiantes han tenido la oportunidad de demostrar su talento art\u00edstico y alcanzar logros notables.<\/p>\n\n\n\n<p>Desde agosto, la programaci\u00f3n arranc\u00f3 con la exposici\u00f3n de Borges en la biblioteca, donde los estudiantes exploraron las obras del c\u00e9lebre escritor argentino a trav\u00e9s de diversas actividades.<\/p>\n\n\n\n<p>En septiembre, la comicteca tom\u00f3 protagonismo con la participaci\u00f3n de estudiantes y el apoyo de la banda del Colegio, ofreciendo a los asistentes una inmersi\u00f3n en el mundo del c\u00f3mic. Adem\u00e1s, los alumnos de primaria expusieron sus proyectos de arte.<\/p>\n\n\n\n<p>Octubre marc\u00f3 la ceremonia de la <em>National Honor Society<\/em> y la <em>National Junior Honor Society<\/em>, un evento significativo acompa\u00f1ado por la banda dirigida por Julbrainner Mora, realzando el sentido de comunidad y excelencia acad\u00e9mica.<\/p>\n\n\n\n<p>El Festival de Artes en Armenia, celebrado en noviembre, fue un hito destacado. El Colegio recibi\u00f3 dos premios nacionales: mejor obra de arte y mejor banda, demostrando el talento y la dedicaci\u00f3n de nuestros estudiantes.<\/p>\n\n\n\n<figure class=\"wp-block-video\"><video height=\"1280\" style=\"aspect-ratio: 720 \/ 1280;\" width=\"720\" controls src=\"https:\/\/www.colegiobolivar.edu.co\/website\/wp-content\/uploads\/2024\/06\/PARTICIPACION-ASOBILCA-1-ARTES.mov\"><\/video><\/figure>\n\n\n\n<div style=\"height:51px\" aria-hidden=\"true\" class=\"wp-block-spacer\"><\/div>\n\n\n\n<figure class=\"wp-block-video\"><video height=\"1280\" style=\"aspect-ratio: 720 \/ 1280;\" width=\"720\" controls src=\"https:\/\/www.colegiobolivar.edu.co\/website\/wp-content\/uploads\/2024\/06\/PARTICIPACION-ASOBILCA-2-ARTES.mov\"><\/video><\/figure>\n\n\n\n<div style=\"height:51px\" aria-hidden=\"true\" class=\"wp-block-spacer\"><\/div>\n\n\n\n<figure class=\"wp-block-gallery has-nested-images columns-default is-cropped wp-block-gallery-1 is-layout-flex wp-block-gallery-is-layout-flex\">\n<figure class=\"wp-block-image size-large\"><img fetchpriority=\"high\" decoding=\"async\" width=\"768\" height=\"1024\" sizes=\"(max-width: 768px) 100vw, 768px\" data-id=\"21926\" src=\"https:\/\/www.colegiobolivar.edu.co\/website\/wp-content\/uploads\/2024\/06\/PREMIO-ARMENIA-MARTINA-CAMACHO-768x1024.jpeg\" alt=\"\" class=\"wp-image-21926\" srcset=\"https:\/\/www.colegiobolivar.edu.co\/website\/wp-content\/uploads\/2024\/06\/PREMIO-ARMENIA-MARTINA-CAMACHO-768x1024.jpeg 768w, https:\/\/www.colegiobolivar.edu.co\/website\/wp-content\/uploads\/2024\/06\/PREMIO-ARMENIA-MARTINA-CAMACHO-225x300.jpeg 225w, https:\/\/www.colegiobolivar.edu.co\/website\/wp-content\/uploads\/2024\/06\/PREMIO-ARMENIA-MARTINA-CAMACHO-1152x1536.jpeg 1152w, https:\/\/www.colegiobolivar.edu.co\/website\/wp-content\/uploads\/2024\/06\/PREMIO-ARMENIA-MARTINA-CAMACHO.jpeg 1536w\" \/><\/figure>\n\n\n\n<figure class=\"wp-block-image size-large\"><img decoding=\"async\" width=\"768\" height=\"1024\" sizes=\"(max-width: 768px) 100vw, 768px\" data-id=\"21925\" src=\"https:\/\/www.colegiobolivar.edu.co\/website\/wp-content\/uploads\/2024\/06\/Premio-Banda-1-768x1024.jpg\" alt=\"\" class=\"wp-image-21925\" srcset=\"https:\/\/www.colegiobolivar.edu.co\/website\/wp-content\/uploads\/2024\/06\/Premio-Banda-1-768x1024.jpg 768w, https:\/\/www.colegiobolivar.edu.co\/website\/wp-content\/uploads\/2024\/06\/Premio-Banda-1-225x300.jpg 225w, https:\/\/www.colegiobolivar.edu.co\/website\/wp-content\/uploads\/2024\/06\/Premio-Banda-1-1152x1536.jpg 1152w, https:\/\/www.colegiobolivar.edu.co\/website\/wp-content\/uploads\/2024\/06\/Premio-Banda-1.jpg 1536w\" \/><\/figure>\n<\/figure>\n\n\n\n<div style=\"height:51px\" aria-hidden=\"true\" class=\"wp-block-spacer\"><\/div>\n\n\n\n<p>Durante diciembre, la Comunidad Bol\u00edvar se contagi\u00f3 del esp\u00edritu navide\u00f1o con varias presentaciones, incluyendo el programa de Navidad de El Nido y las presentaciones de K4, K5 y 1er grado, atrayendo a much\u00edsimos padres y miembros de la Comunidad.<\/p>\n\n\n\n<p>2024 comenz\u00f3 con la participaci\u00f3n en el Encuentro de Artes Integradas de ASOBILCA (Asociaci\u00f3n de Colegios Biling\u00fces de Cali) y en el Museo La Tertulia en febrero, donde j\u00f3venes artistas se unieron en la realizaci\u00f3n de un llamativo mural. Adem\u00e1s, en el Bol\u00edvar Day, la banda de rock y el <em>dance team<\/em> de primaria participaron con actuaciones para todos los asistentes.<\/p>\n\n\n\n<figure class=\"wp-block-gallery has-nested-images columns-default is-cropped wp-block-gallery-2 is-layout-flex wp-block-gallery-is-layout-flex\">\n<figure class=\"wp-block-image size-large\"><img decoding=\"async\" width=\"1024\" height=\"682\" sizes=\"(max-width: 1024px) 100vw, 1024px\" data-id=\"21952\" src=\"https:\/\/www.colegiobolivar.edu.co\/website\/wp-content\/uploads\/2024\/06\/WhatsApp-Image-2024-06-06-at-7.50.48-AM-1-1024x682.jpeg\" alt=\"\" class=\"wp-image-21952\" srcset=\"https:\/\/www.colegiobolivar.edu.co\/website\/wp-content\/uploads\/2024\/06\/WhatsApp-Image-2024-06-06-at-7.50.48-AM-1-1024x682.jpeg 1024w, https:\/\/www.colegiobolivar.edu.co\/website\/wp-content\/uploads\/2024\/06\/WhatsApp-Image-2024-06-06-at-7.50.48-AM-1-300x200.jpeg 300w, https:\/\/www.colegiobolivar.edu.co\/website\/wp-content\/uploads\/2024\/06\/WhatsApp-Image-2024-06-06-at-7.50.48-AM-1-768x512.jpeg 768w, https:\/\/www.colegiobolivar.edu.co\/website\/wp-content\/uploads\/2024\/06\/WhatsApp-Image-2024-06-06-at-7.50.48-AM-1-1536x1023.jpeg 1536w, https:\/\/www.colegiobolivar.edu.co\/website\/wp-content\/uploads\/2024\/06\/WhatsApp-Image-2024-06-06-at-7.50.48-AM-1.jpeg 1600w\" \/><\/figure>\n\n\n\n<figure class=\"wp-block-image size-large\"><img loading=\"lazy\" decoding=\"async\" width=\"1024\" height=\"682\" sizes=\"(max-width: 1024px) 100vw, 1024px\" data-id=\"21953\" src=\"https:\/\/www.colegiobolivar.edu.co\/website\/wp-content\/uploads\/2024\/06\/WhatsApp-Image-2024-06-06-at-7.50.50-AM-1-1024x682.jpeg\" alt=\"\" class=\"wp-image-21953\" srcset=\"https:\/\/www.colegiobolivar.edu.co\/website\/wp-content\/uploads\/2024\/06\/WhatsApp-Image-2024-06-06-at-7.50.50-AM-1-1024x682.jpeg 1024w, https:\/\/www.colegiobolivar.edu.co\/website\/wp-content\/uploads\/2024\/06\/WhatsApp-Image-2024-06-06-at-7.50.50-AM-1-300x200.jpeg 300w, https:\/\/www.colegiobolivar.edu.co\/website\/wp-content\/uploads\/2024\/06\/WhatsApp-Image-2024-06-06-at-7.50.50-AM-1-768x512.jpeg 768w, https:\/\/www.colegiobolivar.edu.co\/website\/wp-content\/uploads\/2024\/06\/WhatsApp-Image-2024-06-06-at-7.50.50-AM-1-1536x1023.jpeg 1536w, https:\/\/www.colegiobolivar.edu.co\/website\/wp-content\/uploads\/2024\/06\/WhatsApp-Image-2024-06-06-at-7.50.50-AM-1.jpeg 1600w\" \/><\/figure>\n\n\n\n<figure class=\"wp-block-image size-large\"><img loading=\"lazy\" decoding=\"async\" width=\"1024\" height=\"682\" sizes=\"(max-width: 1024px) 100vw, 1024px\" data-id=\"21955\" src=\"https:\/\/www.colegiobolivar.edu.co\/website\/wp-content\/uploads\/2024\/06\/WhatsApp-Image-2024-06-06-at-7.50.52-AM-1024x682.jpeg\" alt=\"\" class=\"wp-image-21955\" srcset=\"https:\/\/www.colegiobolivar.edu.co\/website\/wp-content\/uploads\/2024\/06\/WhatsApp-Image-2024-06-06-at-7.50.52-AM-1024x682.jpeg 1024w, https:\/\/www.colegiobolivar.edu.co\/website\/wp-content\/uploads\/2024\/06\/WhatsApp-Image-2024-06-06-at-7.50.52-AM-300x200.jpeg 300w, https:\/\/www.colegiobolivar.edu.co\/website\/wp-content\/uploads\/2024\/06\/WhatsApp-Image-2024-06-06-at-7.50.52-AM-768x512.jpeg 768w, https:\/\/www.colegiobolivar.edu.co\/website\/wp-content\/uploads\/2024\/06\/WhatsApp-Image-2024-06-06-at-7.50.52-AM-1536x1023.jpeg 1536w, https:\/\/www.colegiobolivar.edu.co\/website\/wp-content\/uploads\/2024\/06\/WhatsApp-Image-2024-06-06-at-7.50.52-AM.jpeg 1600w\" \/><\/figure>\n\n\n\n<figure class=\"wp-block-image size-large\"><img loading=\"lazy\" decoding=\"async\" width=\"1024\" height=\"682\" sizes=\"(max-width: 1024px) 100vw, 1024px\" data-id=\"21954\" src=\"https:\/\/www.colegiobolivar.edu.co\/website\/wp-content\/uploads\/2024\/06\/WhatsApp-Image-2024-06-06-at-7.50.49-AM-1-1024x682.jpeg\" alt=\"\" class=\"wp-image-21954\" srcset=\"https:\/\/www.colegiobolivar.edu.co\/website\/wp-content\/uploads\/2024\/06\/WhatsApp-Image-2024-06-06-at-7.50.49-AM-1-1024x682.jpeg 1024w, https:\/\/www.colegiobolivar.edu.co\/website\/wp-content\/uploads\/2024\/06\/WhatsApp-Image-2024-06-06-at-7.50.49-AM-1-300x200.jpeg 300w, https:\/\/www.colegiobolivar.edu.co\/website\/wp-content\/uploads\/2024\/06\/WhatsApp-Image-2024-06-06-at-7.50.49-AM-1-768x512.jpeg 768w, https:\/\/www.colegiobolivar.edu.co\/website\/wp-content\/uploads\/2024\/06\/WhatsApp-Image-2024-06-06-at-7.50.49-AM-1-1536x1023.jpeg 1536w, https:\/\/www.colegiobolivar.edu.co\/website\/wp-content\/uploads\/2024\/06\/WhatsApp-Image-2024-06-06-at-7.50.49-AM-1.jpeg 1600w\" \/><\/figure>\n<\/figure>\n\n\n\n<p>Marzo fue testigo de las emocionantes presentaciones de baile de los estudiantes de segundo grado, frente a una audiencia de 350 personas.<\/p>\n\n\n\n<p>Mayo y junio cerraron el a\u00f1o escolar con eventos significativos como la inauguraci\u00f3n del modelo ONU \u2013 CB MUN -, la exposici\u00f3n de arte de primaria, middle y high school en la biblioteca, y el espectacular \u00abOn Air-The Concert\u00bb. Tambi\u00e9n destacaron el Encuentro de Coros en la Universidad ICESI y las ceremonias de graduaci\u00f3n de seniors y de quinto grado, junto con diversas clausuras, todas realzadas por el talento de nuestros artistas.<\/p>\n\n\n\n<div style=\"height:51px\" aria-hidden=\"true\" class=\"wp-block-spacer\"><\/div>\n\n\n\n<figure class=\"wp-block-image size-large is-resized\"><img decoding=\"async\" sizes=\"(max-width: 1024px) 100vw, 1024px\" src=\"https:\/\/www.colegiobolivar.edu.co\/website\/wp-content\/uploads\/2024\/06\/WhatsApp-Image-2024-06-04-at-9.18.15-AM-1-1024x793.jpeg\" alt=\"\" class=\"wp-image-21924\" style=\"width:651px;height:auto\"\/><\/figure>\n\n\n\n<div style=\"height:51px\" aria-hidden=\"true\" class=\"wp-block-spacer\"><\/div>\n\n\n\n<figure class=\"wp-block-image size-large is-resized\"><img loading=\"lazy\" decoding=\"async\" width=\"584\" height=\"1024\" sizes=\"(max-width: 584px) 100vw, 584px\" src=\"https:\/\/www.colegiobolivar.edu.co\/website\/wp-content\/uploads\/2024\/06\/WhatsApp-Image-2024-06-04-at-9.18.11-AM-1-584x1024.jpeg\" alt=\"\" class=\"wp-image-21923\" style=\"width:547px;height:auto\" srcset=\"https:\/\/www.colegiobolivar.edu.co\/website\/wp-content\/uploads\/2024\/06\/WhatsApp-Image-2024-06-04-at-9.18.11-AM-1-584x1024.jpeg 584w, https:\/\/www.colegiobolivar.edu.co\/website\/wp-content\/uploads\/2024\/06\/WhatsApp-Image-2024-06-04-at-9.18.11-AM-1-171x300.jpeg 171w, https:\/\/www.colegiobolivar.edu.co\/website\/wp-content\/uploads\/2024\/06\/WhatsApp-Image-2024-06-04-at-9.18.11-AM-1-768x1346.jpeg 768w, https:\/\/www.colegiobolivar.edu.co\/website\/wp-content\/uploads\/2024\/06\/WhatsApp-Image-2024-06-04-at-9.18.11-AM-1-876x1536.jpeg 876w, https:\/\/www.colegiobolivar.edu.co\/website\/wp-content\/uploads\/2024\/06\/WhatsApp-Image-2024-06-04-at-9.18.11-AM-1.jpeg 913w\" \/><\/figure>\n\n\n\n<div style=\"height:51px\" aria-hidden=\"true\" class=\"wp-block-spacer\"><\/div>\n\n\n\n<p>Durante el a\u00f1o escolar 2023-2024, hubo un total de 28 eventos en el que particip\u00f3 el Departamento de Artes del Colegio. Estos eventos incluyeron exposiciones, ceremonias, festivales, presentaciones, competencias, y asambleas, que abarcaron una amplia gama de actividades art\u00edsticas y culturales.<\/p>\n\n\n\n<p>As\u00ed, el nuestro Colegio ha demostrado una vez m\u00e1s su compromiso con el desarrollo art\u00edstico de sus estudiantes, brind\u00e1ndoles plataformas para expresarse y alcanzar el reconocimiento por su dedicaci\u00f3n y creatividad. \u00a1Felicidades a todos por un a\u00f1o lleno de logros y experiencias inolvidables!<\/p>\n","protected":false},"excerpt":{"rendered":"<p>El a\u00f1o escolar 2023-2024 ha sido un periodo vibrante y lleno de creatividad para el Departamento de Artes del Colegio Bolivar. Con una amplia gama de eventos y actividades, los estudiantes han tenido la oportunidad de demostrar su talento art\u00edstico y alcanzar logros notables. Desde agosto, la programaci\u00f3n arranc\u00f3 con la exposici\u00f3n de Borges en [&hellip;]<\/p>\n","protected":false},"author":1,"featured_media":0,"comment_status":"open","ping_status":"open","sticky":false,"template":"","format":"standard","meta":{"_acf_changed":false,"footnotes":""},"categories":[1],"tags":[],"class_list":["post-34938","post","type-post","status-publish","format-standard","hentry","category-uncategorized"],"acf":[],"_links":{"self":[{"href":"https:\/\/www.colegiobolivar.edu.co\/website\/wp-json\/wp\/v2\/posts\/34938","targetHints":{"allow":["GET"]}}],"collection":[{"href":"https:\/\/www.colegiobolivar.edu.co\/website\/wp-json\/wp\/v2\/posts"}],"about":[{"href":"https:\/\/www.colegiobolivar.edu.co\/website\/wp-json\/wp\/v2\/types\/post"}],"author":[{"embeddable":true,"href":"https:\/\/www.colegiobolivar.edu.co\/website\/wp-json\/wp\/v2\/users\/1"}],"replies":[{"embeddable":true,"href":"https:\/\/www.colegiobolivar.edu.co\/website\/wp-json\/wp\/v2\/comments?post=34938"}],"version-history":[{"count":0,"href":"https:\/\/www.colegiobolivar.edu.co\/website\/wp-json\/wp\/v2\/posts\/34938\/revisions"}],"wp:attachment":[{"href":"https:\/\/www.colegiobolivar.edu.co\/website\/wp-json\/wp\/v2\/media?parent=34938"}],"wp:term":[{"taxonomy":"category","embeddable":true,"href":"https:\/\/www.colegiobolivar.edu.co\/website\/wp-json\/wp\/v2\/categories?post=34938"},{"taxonomy":"post_tag","embeddable":true,"href":"https:\/\/www.colegiobolivar.edu.co\/website\/wp-json\/wp\/v2\/tags?post=34938"}],"curies":[{"name":"wp","href":"https:\/\/api.w.org\/{rel}","templated":true}]}}