{"id":35054,"date":"2025-10-16T18:10:46","date_gmt":"2025-10-16T18:10:46","guid":{"rendered":"https:\/\/colegiobolivar.edu.co\/website\/bajo-la-luna-roja-estudiantes-exploraran-el-eclipse-total\/"},"modified":"2025-10-16T18:10:46","modified_gmt":"2025-10-16T18:10:46","slug":"bajo-la-luna-roja-estudiantes-exploraran-el-eclipse-total","status":"publish","type":"post","link":"https:\/\/www.colegiobolivar.edu.co\/website\/bajo-la-luna-roja-estudiantes-exploraran-el-eclipse-total\/","title":{"rendered":"Bajo la luna roja: estudiantes explorar\u00e1n el eclipse total"},"content":{"rendered":"\n<figure class=\"wp-block-image size-large\"><img fetchpriority=\"high\" decoding=\"async\" width=\"1024\" height=\"727\" sizes=\"(max-width: 1024px) 100vw, 1024px\" src=\"https:\/\/www.colegiobolivar.edu.co\/website\/wp-content\/uploads\/2025\/03\/eclipse-total-de-luna-1024x727.png\" alt=\"\" class=\"wp-image-29977\" srcset=\"https:\/\/www.colegiobolivar.edu.co\/website\/wp-content\/uploads\/2025\/03\/eclipse-total-de-luna-1024x727.png 1024w, https:\/\/www.colegiobolivar.edu.co\/website\/wp-content\/uploads\/2025\/03\/eclipse-total-de-luna-300x213.png 300w, https:\/\/www.colegiobolivar.edu.co\/website\/wp-content\/uploads\/2025\/03\/eclipse-total-de-luna-768x545.png 768w, https:\/\/www.colegiobolivar.edu.co\/website\/wp-content\/uploads\/2025\/03\/eclipse-total-de-luna.png 1281w\" \/><\/figure>\n\n\n\n<p>La madrugada del 14 de marzo ser\u00e1 un momento especial para los estudiantes de la clase de astronom\u00eda de grado 12 del Colegio, quienes tendr\u00e1n la oportunidad de presenciar el eclipse total de luna desde la cancha de softball. Guiados por el profesor Juan Carlos Mej\u00eda, los alumnos utilizar\u00e1n tres telescopios de diferente potencia para captar im\u00e1genes de la \u00abLuna de sangre\u00bb, un fen\u00f3meno astron\u00f3mico que te\u00f1ir\u00e1 el sat\u00e9lite de un intenso color rojizo debido a la refracci\u00f3n de la luz solar en la atm\u00f3sfera terrestre.<\/p>\n\n\n\n<p>Un eclipse lunar total ocurre cuando la Tierra se interpone entre el Sol y la Luna, proyectando su sombra sobre nuestro sat\u00e9lite. Durante este fen\u00f3meno, la Luna atraviesa la umbra terrestre, lo que la oscurece por completo y le da un tono rojizo debido a la dispersi\u00f3n de la luz en la atm\u00f3sfera terrestre. A diferencia de los eclipses solares, los eclipses lunares pueden ser observados desde cualquier lugar donde sea de noche y duran varias horas, lo que permite a los observadores disfrutar de cada una de sus fases sin necesidad de equipos especiales de protecci\u00f3n.<\/p>\n\n\n\n<p>El eclipse comenzar\u00e1 la noche del 13 de marzo y alcanzar\u00e1 su punto m\u00e1ximo a la 1:58 a.m. del 14 de marzo, cuando la Luna estar\u00e1 completamente sumergida en la umbra terrestre y adquirir\u00e1 su caracter\u00edstico tono cobrizo. La totalidad del eclipse se extender\u00e1 hasta las 2:31 a.m., brindando un espect\u00e1culo fascinante para la comunidad cient\u00edfica y los apasionados por la astronom\u00eda.<\/p>\n\n\n\n<p>Para quienes deseen observar el eclipse desde Cali, es recomendable buscar un lugar con poca contaminaci\u00f3n lum\u00ednica y un horizonte despejado. No se requiere protecci\u00f3n especial para los ojos, ya que es seguro mirar la Luna directamente. Sin embargo, el uso de binoculares o telescopios permitir\u00e1 apreciar mejor los detalles del fen\u00f3meno. Para capturar im\u00e1genes, se aconseja emplear c\u00e1maras con teleobjetivos y tr\u00edpodes, ajustar la sensibilidad ISO y la velocidad de obturaci\u00f3n seg\u00fan la fase del eclipse, y utilizar disparadores remotos o temporizadores para evitar vibraciones. Revisar el pron\u00f3stico del clima tambi\u00e9n es clave para asegurar una observaci\u00f3n \u00f3ptima.<\/p>\n\n\n\n<p>Esta actividad refuerza la importancia de la observaci\u00f3n astron\u00f3mica y el impacto del aprendizaje experiencial en la educaci\u00f3n cient\u00edfica. Eventos como este no solo despiertan la curiosidad y el inter\u00e9s por el cosmos en los estudiantes, sino que tambi\u00e9n promueven el pensamiento cr\u00edtico y la apreciaci\u00f3n de los fen\u00f3menos naturales desde una perspectiva cient\u00edfica. Sin duda, esta experiencia ser\u00e1 inolvidable, quienes tendr\u00e1n la posibilidad de conectarse con el universo de una manera \u00fanica y significativa.<\/p>\n","protected":false},"excerpt":{"rendered":"<p>La madrugada del 14 de marzo ser\u00e1 un momento especial para los estudiantes de la clase de astronom\u00eda de grado 12 del Colegio, quienes tendr\u00e1n la oportunidad de presenciar el eclipse total de luna desde la cancha de softball. Guiados por el profesor Juan Carlos Mej\u00eda, los alumnos utilizar\u00e1n tres telescopios de diferente potencia para [&hellip;]<\/p>\n","protected":false},"author":1,"featured_media":0,"comment_status":"open","ping_status":"open","sticky":false,"template":"","format":"standard","meta":{"_acf_changed":false,"footnotes":""},"categories":[1],"tags":[],"class_list":["post-35054","post","type-post","status-publish","format-standard","hentry","category-uncategorized"],"acf":[],"_links":{"self":[{"href":"https:\/\/www.colegiobolivar.edu.co\/website\/wp-json\/wp\/v2\/posts\/35054","targetHints":{"allow":["GET"]}}],"collection":[{"href":"https:\/\/www.colegiobolivar.edu.co\/website\/wp-json\/wp\/v2\/posts"}],"about":[{"href":"https:\/\/www.colegiobolivar.edu.co\/website\/wp-json\/wp\/v2\/types\/post"}],"author":[{"embeddable":true,"href":"https:\/\/www.colegiobolivar.edu.co\/website\/wp-json\/wp\/v2\/users\/1"}],"replies":[{"embeddable":true,"href":"https:\/\/www.colegiobolivar.edu.co\/website\/wp-json\/wp\/v2\/comments?post=35054"}],"version-history":[{"count":0,"href":"https:\/\/www.colegiobolivar.edu.co\/website\/wp-json\/wp\/v2\/posts\/35054\/revisions"}],"wp:attachment":[{"href":"https:\/\/www.colegiobolivar.edu.co\/website\/wp-json\/wp\/v2\/media?parent=35054"}],"wp:term":[{"taxonomy":"category","embeddable":true,"href":"https:\/\/www.colegiobolivar.edu.co\/website\/wp-json\/wp\/v2\/categories?post=35054"},{"taxonomy":"post_tag","embeddable":true,"href":"https:\/\/www.colegiobolivar.edu.co\/website\/wp-json\/wp\/v2\/tags?post=35054"}],"curies":[{"name":"wp","href":"https:\/\/api.w.org\/{rel}","templated":true}]}}