{"id":35067,"date":"2025-10-16T18:10:50","date_gmt":"2025-10-16T18:10:50","guid":{"rendered":"https:\/\/colegiobolivar.edu.co\/website\/bolivar-forum-2025-preparando-a-educadores-para-un-futuro-de-innovacion\/"},"modified":"2025-10-16T18:10:50","modified_gmt":"2025-10-16T18:10:50","slug":"bolivar-forum-2025-preparando-a-educadores-para-un-futuro-de-innovacion","status":"publish","type":"post","link":"https:\/\/www.colegiobolivar.edu.co\/website\/bolivar-forum-2025-preparando-a-educadores-para-un-futuro-de-innovacion\/","title":{"rendered":"Bolivar Forum 2025: preparando a educadores para un futuro de innovaci\u00f3n"},"content":{"rendered":"\n<p>El Colegio Bol\u00edvar tuvo el honor de ser sede del Bolivar Forum 2025 los d\u00edas 7 y 8 de marzo, un evento que reafirma el compromiso de la instituci\u00f3n con la excelencia educativa y la innovaci\u00f3n en la ense\u00f1anza. Con el respaldo de la Tri-Association, este foro bienal, que celebr\u00f3 su 15\u00aa edici\u00f3n, se ha consolidado como un espacio de aprendizaje y colaboraci\u00f3n entre educadores de Colombia y la regi\u00f3n. Bajo el lema \u201cProfesores Ense\u00f1ando a Profesores\u201d, el evento reafirm\u00f3 la importancia del aprendizaje profesional en un mundo en constante cambio.<\/p>\n\n\n\n<p>En esta edici\u00f3n, el Bolivar Forum recibi\u00f3 a representantes de 16 colegios de 11 ciudades de Colombia y 10 colegios de cinco pa\u00edses de la regi\u00f3n: M\u00e9xico, Costa Rica, Rep\u00fablica Dominicana, Honduras y Ecuador. La diversidad de participantes enriqueci\u00f3 los debates y talleres, permitiendo un intercambio fruct\u00edfero de ideas y pr\u00e1cticas pedag\u00f3gicas.<\/p>\n\n\n\n<figure class=\"wp-block-gallery has-nested-images columns-default is-cropped wp-block-gallery-1 is-layout-flex wp-block-gallery-is-layout-flex\">\n<figure class=\"wp-block-image size-large\"><img decoding=\"async\" sizes=\"(max-width: 1024px) 100vw, 1024px\" data-id=\"30662\" src=\"https:\/\/www.colegiobolivar.edu.co\/website\/wp-content\/uploads\/2025\/04\/MG_5031-1024x683.jpg\" alt=\"\" class=\"wp-image-30662\"\/><\/figure>\n\n\n\n<figure class=\"wp-block-image size-large\"><img decoding=\"async\" sizes=\"(max-width: 1024px) 100vw, 1024px\" data-id=\"30663\" src=\"https:\/\/www.colegiobolivar.edu.co\/website\/wp-content\/uploads\/2025\/04\/MG_5037-1024x683.jpg\" alt=\"\" class=\"wp-image-30663\"\/><\/figure>\n\n\n\n<figure class=\"wp-block-image size-large\"><img decoding=\"async\" sizes=\"(max-width: 1024px) 100vw, 1024px\" data-id=\"30664\" src=\"https:\/\/www.colegiobolivar.edu.co\/website\/wp-content\/uploads\/2025\/04\/MG_5100-1024x683.jpg\" alt=\"\" class=\"wp-image-30664\"\/><\/figure>\n<\/figure>\n\n\n\n<div style=\"height:20px\" aria-hidden=\"true\" class=\"wp-block-spacer\"><\/div>\n\n\n\n<p>El evento cont\u00f3 con dos ponencias magistrales de gran impacto. El primer orador principal fue Ewan McIntosh, fundador y director de NoTosh, quien abord\u00f3 el desaf\u00edo de desarrollar ideas innovadoras en el aula y convertirlas en estrategias sostenibles. Por su parte, el Dr. David Virtue de la Western Carolina University facilit\u00f3 una reflexi\u00f3n sobre la humildad como profesionales.<\/p>\n\n\n\n<p>Adem\u00e1s, el foro ofreci\u00f3 m\u00e1s de 60 talleres dirigidos por profesores nacionales e internacionales, con un 30% de las sesiones a cargo de docentes del Colegio Bol\u00edvar. Estas sesiones reflejaron la diversidad de enfoques y la relevancia de los temas en el contexto educativo actual.<\/p>\n\n\n\n<p>La respuesta de los asistentes fue excepcional. Seg\u00fan la encuesta de retroalimentaci\u00f3n, completada por m\u00e1s del 75% de los participantes, m\u00e1s del 95% expres\u00f3 estar satisfecho o muy satisfecho con la organizaci\u00f3n del evento, mientras que m\u00e1s del 90% valor\u00f3 positivamente la pertinencia y variedad de los talleres. M\u00e1s all\u00e1 de las cifras, los comentarios destacaron el orgullo por la calidad del foro y la gratitud por la oportunidad de participar en una experiencia de aprendizaje tan enriquecedora.<\/p>\n\n\n\n<figure class=\"wp-block-gallery has-nested-images columns-default is-cropped wp-block-gallery-2 is-layout-flex wp-block-gallery-is-layout-flex\">\n<figure class=\"wp-block-image size-large\"><img decoding=\"async\" sizes=\"(max-width: 1024px) 100vw, 1024px\" data-id=\"30671\" src=\"https:\/\/www.colegiobolivar.edu.co\/website\/wp-content\/uploads\/2025\/04\/MG_5150-2-1024x683.jpg\" alt=\"\" class=\"wp-image-30671\"\/><\/figure>\n\n\n\n<figure class=\"wp-block-image size-large\"><img decoding=\"async\" sizes=\"(max-width: 1024px) 100vw, 1024px\" data-id=\"30672\" src=\"https:\/\/www.colegiobolivar.edu.co\/website\/wp-content\/uploads\/2025\/04\/MG_5196-2-1024x683.jpg\" alt=\"\" class=\"wp-image-30672\"\/><\/figure>\n<\/figure>\n\n\n\n<div style=\"height:20px\" aria-hidden=\"true\" class=\"wp-block-spacer\"><\/div>\n\n\n\n<p>El Bolivar Forum 2025 fue un testimonio del poder de la colaboraci\u00f3n, la reflexi\u00f3n y la innovaci\u00f3n en la educaci\u00f3n. La presencia del Dr. Michael Adams, director ejecutivo de la Tri-Association, quien manifest\u00f3 su inter\u00e9s en replicar este modelo en otras subregiones, reafirm\u00f3 el impacto positivo del evento.<\/p>\n\n\n\n<p>El Colegio Bol\u00edvar agradece a todos los asistentes, ponentes y organizadores que hicieron posible este foro, as\u00ed como a nuestros patrocinadores: Tri-Association, Western Carolina University y Tecnoqu\u00edmicas. Con iniciativas como esta, seguimos preparando a nuestros educadores para prosperar en un mundo din\u00e1mico y en constante evoluci\u00f3n.<\/p>\n","protected":false},"excerpt":{"rendered":"<p>El Colegio Bol\u00edvar tuvo el honor de ser sede del Bolivar Forum 2025 los d\u00edas 7 y 8 de marzo, un evento que reafirma el compromiso de la instituci\u00f3n con la excelencia educativa y la innovaci\u00f3n en la ense\u00f1anza. Con el respaldo de la Tri-Association, este foro bienal, que celebr\u00f3 su 15\u00aa edici\u00f3n, se ha [&hellip;]<\/p>\n","protected":false},"author":1,"featured_media":0,"comment_status":"open","ping_status":"open","sticky":false,"template":"","format":"standard","meta":{"_acf_changed":false,"footnotes":""},"categories":[1],"tags":[],"class_list":["post-35067","post","type-post","status-publish","format-standard","hentry","category-uncategorized"],"acf":[],"_links":{"self":[{"href":"https:\/\/www.colegiobolivar.edu.co\/website\/wp-json\/wp\/v2\/posts\/35067","targetHints":{"allow":["GET"]}}],"collection":[{"href":"https:\/\/www.colegiobolivar.edu.co\/website\/wp-json\/wp\/v2\/posts"}],"about":[{"href":"https:\/\/www.colegiobolivar.edu.co\/website\/wp-json\/wp\/v2\/types\/post"}],"author":[{"embeddable":true,"href":"https:\/\/www.colegiobolivar.edu.co\/website\/wp-json\/wp\/v2\/users\/1"}],"replies":[{"embeddable":true,"href":"https:\/\/www.colegiobolivar.edu.co\/website\/wp-json\/wp\/v2\/comments?post=35067"}],"version-history":[{"count":0,"href":"https:\/\/www.colegiobolivar.edu.co\/website\/wp-json\/wp\/v2\/posts\/35067\/revisions"}],"wp:attachment":[{"href":"https:\/\/www.colegiobolivar.edu.co\/website\/wp-json\/wp\/v2\/media?parent=35067"}],"wp:term":[{"taxonomy":"category","embeddable":true,"href":"https:\/\/www.colegiobolivar.edu.co\/website\/wp-json\/wp\/v2\/categories?post=35067"},{"taxonomy":"post_tag","embeddable":true,"href":"https:\/\/www.colegiobolivar.edu.co\/website\/wp-json\/wp\/v2\/tags?post=35067"}],"curies":[{"name":"wp","href":"https:\/\/api.w.org\/{rel}","templated":true}]}}