{"id":36125,"date":"2025-10-24T15:43:11","date_gmt":"2025-10-24T15:43:11","guid":{"rendered":"https:\/\/colegiobolivar.edu.co\/website\/?p=36125"},"modified":"2025-11-06T14:17:04","modified_gmt":"2025-11-06T14:17:04","slug":"sustainability-week-a-living-commitment-to-the-planet","status":"publish","type":"post","link":"https:\/\/www.colegiobolivar.edu.co\/website\/es\/sustainability-week-a-living-commitment-to-the-planet\/","title":{"rendered":"Semana de la Sostenibilidad: un compromiso vivo con el planeta"},"content":{"rendered":"\t\t<div data-elementor-type=\"wp-post\" data-elementor-id=\"36125\" class=\"elementor elementor-36125\" data-elementor-post-type=\"post\">\n\t\t\t\t<div class=\"elementor-element elementor-element-551191c e-flex e-con-boxed e-con e-parent\" data-id=\"551191c\" data-element_type=\"container\" data-e-type=\"container\">\n\t\t\t\t\t<div class=\"e-con-inner\">\n\t\t\t\t\t<\/div>\n\t\t\t\t<\/div>\n\t\t<div class=\"elementor-element elementor-element-fa39fed e-flex e-con-boxed e-con e-parent\" data-id=\"fa39fed\" data-element_type=\"container\" data-e-type=\"container\">\n\t\t\t\t\t<div class=\"e-con-inner\">\n\t\t\t\t<div class=\"elementor-element elementor-element-03418ee elementor-widget elementor-widget-text-editor\" data-id=\"03418ee\" data-element_type=\"widget\" data-e-type=\"widget\" data-widget_type=\"text-editor.default\">\n\t\t\t\t\t\t\t\t\t<p>El Colegio celebr\u00f3 recientemente su\u00a0<a href=\"https:\/\/www.biodiversityweek.com\/\">Semana de la Sostenibilidad,<\/a>\u00a0en sinton\u00eda con la Semana de la Biodiversidad de Cali. Durante estos d\u00edas, los estudiantes de todas las secciones acad\u00e9micas del Colegio participaron en experiencias dise\u00f1adas para reflexionar sobre su papel como ciudadanos responsables con el medio ambiente y con la sustentabilidad econ\u00f3mica, social y ambiental.\u00a0<\/p><p>La programaci\u00f3n incluy\u00f3 una Exhibici\u00f3n de Abejas Nativas en el Sal\u00f3n Colgate, presentaciones art\u00edsticas y musicales como Los Colores de las Aves para El Nido y Preprimaria, y el grupo Mr. Klaje para Primaria. Los estudiantes de Middle y High School participaron en diversos talleres enfocados en los Objetivos de Desarrollo Sostenible (ODS), abordando temas como agricultura urbana, calidad del agua, cultivo org\u00e1nico, derechos de los r\u00edos, memoria ambiental, resiliencia y primeros auxilios.\u00a0<\/p>\t\t\t\t\t\t\t\t<\/div>\n\t\t\t\t\t<\/div>\n\t\t\t\t<\/div>\n\t\t<div class=\"elementor-element elementor-element-8d25a50 e-flex e-con-boxed e-con e-parent\" data-id=\"8d25a50\" data-element_type=\"container\" data-e-type=\"container\">\n\t\t\t\t\t<div class=\"e-con-inner\">\n\t\t<div class=\"elementor-element elementor-element-6b54a98 e-con-full e-flex e-con e-child\" data-id=\"6b54a98\" data-element_type=\"container\" data-e-type=\"container\">\n\t\t\t\t<div class=\"elementor-element elementor-element-f38ed1a elementor-widget elementor-widget-image\" data-id=\"f38ed1a\" data-element_type=\"widget\" data-e-type=\"widget\" data-widget_type=\"image.default\">\n\t\t\t\t\t\t\t\t\t\t\t\t\t\t\t<img fetchpriority=\"high\" decoding=\"async\" width=\"800\" height=\"534\" src=\"https:\/\/www.colegiobolivar.edu.co\/website\/wp-content\/uploads\/2025\/10\/MG_1940-1024x683.jpg\" class=\"attachment-large size-large wp-image-36112\" alt=\"\" srcset=\"https:\/\/www.colegiobolivar.edu.co\/website\/wp-content\/uploads\/2025\/10\/MG_1940-1024x683.jpg 1024w, https:\/\/www.colegiobolivar.edu.co\/website\/wp-content\/uploads\/2025\/10\/MG_1940-300x200.jpg 300w, https:\/\/www.colegiobolivar.edu.co\/website\/wp-content\/uploads\/2025\/10\/MG_1940-768x512.jpg 768w, https:\/\/www.colegiobolivar.edu.co\/website\/wp-content\/uploads\/2025\/10\/MG_1940-1536x1024.jpg 1536w, https:\/\/www.colegiobolivar.edu.co\/website\/wp-content\/uploads\/2025\/10\/MG_1940-2048x1365.jpg 2048w\" sizes=\"(max-width: 800px) 100vw, 800px\" \/>\t\t\t\t\t\t\t\t\t\t\t\t\t\t\t<\/div>\n\t\t\t\t<\/div>\n\t\t<div class=\"elementor-element elementor-element-43dbc74 e-con-full e-flex e-con e-child\" data-id=\"43dbc74\" data-element_type=\"container\" data-e-type=\"container\">\n\t\t\t\t<div class=\"elementor-element elementor-element-23a6be4 elementor-widget elementor-widget-image\" data-id=\"23a6be4\" data-element_type=\"widget\" data-e-type=\"widget\" data-widget_type=\"image.default\">\n\t\t\t\t\t\t\t\t\t\t\t\t\t\t\t<img decoding=\"async\" width=\"800\" height=\"534\" src=\"https:\/\/www.colegiobolivar.edu.co\/website\/wp-content\/uploads\/2025\/10\/MG_1943-1024x683.jpg\" class=\"attachment-large size-large wp-image-36113\" alt=\"\" srcset=\"https:\/\/www.colegiobolivar.edu.co\/website\/wp-content\/uploads\/2025\/10\/MG_1943-1024x683.jpg 1024w, https:\/\/www.colegiobolivar.edu.co\/website\/wp-content\/uploads\/2025\/10\/MG_1943-300x200.jpg 300w, https:\/\/www.colegiobolivar.edu.co\/website\/wp-content\/uploads\/2025\/10\/MG_1943-768x512.jpg 768w, https:\/\/www.colegiobolivar.edu.co\/website\/wp-content\/uploads\/2025\/10\/MG_1943-1536x1024.jpg 1536w, https:\/\/www.colegiobolivar.edu.co\/website\/wp-content\/uploads\/2025\/10\/MG_1943-2048x1365.jpg 2048w\" sizes=\"(max-width: 800px) 100vw, 800px\" \/>\t\t\t\t\t\t\t\t\t\t\t\t\t\t\t<\/div>\n\t\t\t\t<\/div>\n\t\t\t\t\t<\/div>\n\t\t\t\t<\/div>\n\t\t<div class=\"elementor-element elementor-element-102cae4 e-flex e-con-boxed e-con e-parent\" data-id=\"102cae4\" data-element_type=\"container\" data-e-type=\"container\">\n\t\t\t\t\t<div class=\"e-con-inner\">\n\t\t<div class=\"elementor-element elementor-element-3efc312 e-con-full e-flex e-con e-child\" data-id=\"3efc312\" data-element_type=\"container\" data-e-type=\"container\">\n\t\t\t\t<div class=\"elementor-element elementor-element-fe2bbb4 elementor-widget elementor-widget-image\" data-id=\"fe2bbb4\" data-element_type=\"widget\" data-e-type=\"widget\" data-widget_type=\"image.default\">\n\t\t\t\t\t\t\t\t\t\t\t\t\t\t\t<img decoding=\"async\" width=\"800\" height=\"600\" src=\"https:\/\/www.colegiobolivar.edu.co\/website\/wp-content\/uploads\/2025\/10\/IMG-20250930-WA0030-1-1024x768.jpg\" class=\"attachment-large size-large wp-image-36114\" alt=\"\" srcset=\"https:\/\/www.colegiobolivar.edu.co\/website\/wp-content\/uploads\/2025\/10\/IMG-20250930-WA0030-1-1024x768.jpg 1024w, https:\/\/www.colegiobolivar.edu.co\/website\/wp-content\/uploads\/2025\/10\/IMG-20250930-WA0030-1-300x225.jpg 300w, https:\/\/www.colegiobolivar.edu.co\/website\/wp-content\/uploads\/2025\/10\/IMG-20250930-WA0030-1-768x576.jpg 768w, https:\/\/www.colegiobolivar.edu.co\/website\/wp-content\/uploads\/2025\/10\/IMG-20250930-WA0030-1.jpg 1280w\" sizes=\"(max-width: 800px) 100vw, 800px\" \/>\t\t\t\t\t\t\t\t\t\t\t\t\t\t\t<\/div>\n\t\t\t\t<\/div>\n\t\t<div class=\"elementor-element elementor-element-2bd65c0 e-con-full e-flex e-con e-child\" data-id=\"2bd65c0\" data-element_type=\"container\" data-e-type=\"container\">\n\t\t\t\t<div class=\"elementor-element elementor-element-0c9d4e5 elementor-widget elementor-widget-image\" data-id=\"0c9d4e5\" data-element_type=\"widget\" data-e-type=\"widget\" data-widget_type=\"image.default\">\n\t\t\t\t\t\t\t\t\t\t\t\t\t\t\t<img loading=\"lazy\" decoding=\"async\" width=\"800\" height=\"600\" src=\"https:\/\/www.colegiobolivar.edu.co\/website\/wp-content\/uploads\/2025\/10\/IMG-20250930-WA0033-1024x768.jpg\" class=\"attachment-large size-large wp-image-36115\" alt=\"\" srcset=\"https:\/\/www.colegiobolivar.edu.co\/website\/wp-content\/uploads\/2025\/10\/IMG-20250930-WA0033-1024x768.jpg 1024w, https:\/\/www.colegiobolivar.edu.co\/website\/wp-content\/uploads\/2025\/10\/IMG-20250930-WA0033-300x225.jpg 300w, https:\/\/www.colegiobolivar.edu.co\/website\/wp-content\/uploads\/2025\/10\/IMG-20250930-WA0033-768x576.jpg 768w, https:\/\/www.colegiobolivar.edu.co\/website\/wp-content\/uploads\/2025\/10\/IMG-20250930-WA0033.jpg 1280w\" sizes=\"(max-width: 800px) 100vw, 800px\" \/>\t\t\t\t\t\t\t\t\t\t\t\t\t\t\t<\/div>\n\t\t\t\t<\/div>\n\t\t\t\t\t<\/div>\n\t\t\t\t<\/div>\n\t\t<div class=\"elementor-element elementor-element-08dd079 e-flex e-con-boxed e-con e-parent\" data-id=\"08dd079\" data-element_type=\"container\" data-e-type=\"container\">\n\t\t\t\t\t<div class=\"e-con-inner\">\n\t\t\t\t<div class=\"elementor-element elementor-element-4db1ebc elementor-widget elementor-widget-text-editor\" data-id=\"4db1ebc\" data-element_type=\"widget\" data-e-type=\"widget\" data-widget_type=\"text-editor.default\">\n\t\t\t\t\t\t\t\t\t<p>Uno de los momentos m\u00e1s inspiradores fue la charla de Luis Mazariegos (Clase de 1980), egresado del Colegio y fundador de Bioconservancy, quien comparti\u00f3 su experiencia en la Reserva Natural Mesenia-Paramillo, donde lidera proyectos de conservaci\u00f3n e investigaci\u00f3n que han permitido describir m\u00e1s de 100 especies nuevas para la ciencia.<\/p>\n<p>Eventos como este reflejan el compromiso del Colegio Bol\u00edvar con su prop\u00f3sito de educar para la sostenibilidad, fomentando en los estudiantes la conciencia, la acci\u00f3n y el liderazgo necesarios para cuidar y preservar el entorno. La Semana de la Sostenibilidad reafirma que cada aprendizaje, cada gesto y cada decisi\u00f3n pueden contribuir a construir un futuro m\u00e1s equilibrado y sostenible para todos.<\/p>\t\t\t\t\t\t\t\t<\/div>\n\t\t\t\t\t<\/div>\n\t\t\t\t<\/div>\n\t\t<div class=\"elementor-element elementor-element-4da6943 e-flex e-con-boxed e-con e-parent\" data-id=\"4da6943\" data-element_type=\"container\" data-e-type=\"container\">\n\t\t\t\t\t<div class=\"e-con-inner\">\n\t\t<div class=\"elementor-element elementor-element-b05fb90 e-con-full e-flex e-con e-child\" data-id=\"b05fb90\" data-element_type=\"container\" data-e-type=\"container\">\n\t\t\t\t<div class=\"elementor-element elementor-element-3719492 elementor-widget elementor-widget-image\" data-id=\"3719492\" data-element_type=\"widget\" data-e-type=\"widget\" data-widget_type=\"image.default\">\n\t\t\t\t\t\t\t\t\t\t\t\t\t\t\t<img loading=\"lazy\" decoding=\"async\" width=\"768\" height=\"1024\" src=\"https:\/\/www.colegiobolivar.edu.co\/website\/wp-content\/uploads\/2025\/10\/IMG-20250930-WA0027-768x1024.jpg\" class=\"attachment-large size-large wp-image-36118\" alt=\"\" srcset=\"https:\/\/www.colegiobolivar.edu.co\/website\/wp-content\/uploads\/2025\/10\/IMG-20250930-WA0027-768x1024.jpg 768w, https:\/\/www.colegiobolivar.edu.co\/website\/wp-content\/uploads\/2025\/10\/IMG-20250930-WA0027-225x300.jpg 225w, https:\/\/www.colegiobolivar.edu.co\/website\/wp-content\/uploads\/2025\/10\/IMG-20250930-WA0027.jpg 960w\" sizes=\"(max-width: 768px) 100vw, 768px\" \/>\t\t\t\t\t\t\t\t\t\t\t\t\t\t\t<\/div>\n\t\t\t\t<\/div>\n\t\t<div class=\"elementor-element elementor-element-c995986 e-con-full e-flex e-con e-child\" data-id=\"c995986\" data-element_type=\"container\" data-e-type=\"container\">\n\t\t\t\t<div class=\"elementor-element elementor-element-1fcb947 elementor-widget elementor-widget-image\" data-id=\"1fcb947\" data-element_type=\"widget\" data-e-type=\"widget\" data-widget_type=\"image.default\">\n\t\t\t\t\t\t\t\t\t\t\t\t\t\t\t<img loading=\"lazy\" decoding=\"async\" width=\"800\" height=\"600\" src=\"https:\/\/www.colegiobolivar.edu.co\/website\/wp-content\/uploads\/2025\/10\/IMG-20250930-WA0024-1-1024x768.jpg\" class=\"attachment-large size-large wp-image-36117\" alt=\"\" srcset=\"https:\/\/www.colegiobolivar.edu.co\/website\/wp-content\/uploads\/2025\/10\/IMG-20250930-WA0024-1-1024x768.jpg 1024w, https:\/\/www.colegiobolivar.edu.co\/website\/wp-content\/uploads\/2025\/10\/IMG-20250930-WA0024-1-300x225.jpg 300w, https:\/\/www.colegiobolivar.edu.co\/website\/wp-content\/uploads\/2025\/10\/IMG-20250930-WA0024-1-768x576.jpg 768w, https:\/\/www.colegiobolivar.edu.co\/website\/wp-content\/uploads\/2025\/10\/IMG-20250930-WA0024-1.jpg 1280w\" sizes=\"(max-width: 800px) 100vw, 800px\" \/>\t\t\t\t\t\t\t\t\t\t\t\t\t\t\t<\/div>\n\t\t\t\t<\/div>\n\t\t<div class=\"elementor-element elementor-element-d945094 e-con-full e-flex e-con e-child\" data-id=\"d945094\" data-element_type=\"container\" data-e-type=\"container\">\n\t\t\t\t<div class=\"elementor-element elementor-element-26faad2 elementor-widget elementor-widget-image\" data-id=\"26faad2\" data-element_type=\"widget\" data-e-type=\"widget\" data-widget_type=\"image.default\">\n\t\t\t\t\t\t\t\t\t\t\t\t\t\t\t<img loading=\"lazy\" decoding=\"async\" width=\"768\" height=\"1024\" src=\"https:\/\/www.colegiobolivar.edu.co\/website\/wp-content\/uploads\/2025\/10\/IMG-20250930-WA0023-768x1024.jpg\" class=\"attachment-large size-large wp-image-36116\" alt=\"\" srcset=\"https:\/\/www.colegiobolivar.edu.co\/website\/wp-content\/uploads\/2025\/10\/IMG-20250930-WA0023-768x1024.jpg 768w, https:\/\/www.colegiobolivar.edu.co\/website\/wp-content\/uploads\/2025\/10\/IMG-20250930-WA0023-225x300.jpg 225w, https:\/\/www.colegiobolivar.edu.co\/website\/wp-content\/uploads\/2025\/10\/IMG-20250930-WA0023.jpg 960w\" sizes=\"(max-width: 768px) 100vw, 768px\" \/>\t\t\t\t\t\t\t\t\t\t\t\t\t\t\t<\/div>\n\t\t\t\t<\/div>\n\t\t\t\t\t<\/div>\n\t\t\t\t<\/div>\n\t\t\t\t<\/div>\n\t\t","protected":false},"excerpt":{"rendered":"<p>El Colegio celebr\u00f3 recientemente su\u00a0Semana de la Sostenibilidad,\u00a0en sinton\u00eda con la Semana de la Biodiversidad de Cali. Durante estos d\u00edas, los estudiantes de todas las secciones acad\u00e9micas del Colegio participaron en experiencias dise\u00f1adas para reflexionar sobre su papel como ciudadanos responsables con el medio ambiente y con la sustentabilidad econ\u00f3mica, social y ambiental.\u00a0 La programaci\u00f3n [&hellip;]<\/p>\n","protected":false},"author":2,"featured_media":36123,"comment_status":"open","ping_status":"open","sticky":false,"template":"","format":"standard","meta":{"_acf_changed":false,"footnotes":""},"categories":[200,202,198,196],"tags":[249,247],"class_list":["post-36125","post","type-post","status-publish","format-standard","has-post-thumbnail","hentry","category-preprimaria","category-primaria","category-secundaria-basica","category-secundaria-superior","tag-compromiso-social","tag-sostenibilidad"],"acf":[],"_links":{"self":[{"href":"https:\/\/www.colegiobolivar.edu.co\/website\/wp-json\/wp\/v2\/posts\/36125","targetHints":{"allow":["GET"]}}],"collection":[{"href":"https:\/\/www.colegiobolivar.edu.co\/website\/wp-json\/wp\/v2\/posts"}],"about":[{"href":"https:\/\/www.colegiobolivar.edu.co\/website\/wp-json\/wp\/v2\/types\/post"}],"author":[{"embeddable":true,"href":"https:\/\/www.colegiobolivar.edu.co\/website\/wp-json\/wp\/v2\/users\/2"}],"replies":[{"embeddable":true,"href":"https:\/\/www.colegiobolivar.edu.co\/website\/wp-json\/wp\/v2\/comments?post=36125"}],"version-history":[{"count":8,"href":"https:\/\/www.colegiobolivar.edu.co\/website\/wp-json\/wp\/v2\/posts\/36125\/revisions"}],"predecessor-version":[{"id":36143,"href":"https:\/\/www.colegiobolivar.edu.co\/website\/wp-json\/wp\/v2\/posts\/36125\/revisions\/36143"}],"wp:featuredmedia":[{"embeddable":true,"href":"https:\/\/www.colegiobolivar.edu.co\/website\/wp-json\/wp\/v2\/media\/36123"}],"wp:attachment":[{"href":"https:\/\/www.colegiobolivar.edu.co\/website\/wp-json\/wp\/v2\/media?parent=36125"}],"wp:term":[{"taxonomy":"category","embeddable":true,"href":"https:\/\/www.colegiobolivar.edu.co\/website\/wp-json\/wp\/v2\/categories?post=36125"},{"taxonomy":"post_tag","embeddable":true,"href":"https:\/\/www.colegiobolivar.edu.co\/website\/wp-json\/wp\/v2\/tags?post=36125"}],"curies":[{"name":"wp","href":"https:\/\/api.w.org\/{rel}","templated":true}]}}