{"id":36930,"date":"2025-10-30T14:05:32","date_gmt":"2025-10-30T14:05:32","guid":{"rendered":"https:\/\/colegiobolivar.edu.co\/website\/?p=36930"},"modified":"2025-12-03T15:42:49","modified_gmt":"2025-12-03T15:42:49","slug":"eventos-biblioteca-martin-felton","status":"publish","type":"post","link":"https:\/\/www.colegiobolivar.edu.co\/website\/es\/eventos-biblioteca-martin-felton\/","title":{"rendered":"Eventos Biblioteca Martin Felton"},"content":{"rendered":"\t\t<div data-elementor-type=\"wp-post\" data-elementor-id=\"36930\" class=\"elementor elementor-36930\" data-elementor-post-type=\"post\">\n\t\t\t\t<div class=\"elementor-element elementor-element-5b958c3 e-flex e-con-boxed e-con e-parent\" data-id=\"5b958c3\" data-element_type=\"container\" data-e-type=\"container\">\n\t\t\t\t\t<div class=\"e-con-inner\">\n\t\t<div class=\"elementor-element elementor-element-bf99041 e-con-full e-flex e-con e-child\" data-id=\"bf99041\" data-element_type=\"container\" data-e-type=\"container\">\n\t\t\t\t<div class=\"elementor-element elementor-element-6d1c66c elementor-widget elementor-widget-image\" data-id=\"6d1c66c\" data-element_type=\"widget\" data-e-type=\"widget\" data-widget_type=\"image.default\">\n\t\t\t\t\t\t\t\t\t\t\t\t\t\t\t<img fetchpriority=\"high\" decoding=\"async\" width=\"724\" height=\"1024\" src=\"https:\/\/www.colegiobolivar.edu.co\/website\/wp-content\/uploads\/2025\/10\/Poster-expo-3-724x1024.png\" class=\"attachment-large size-large wp-image-36957\" alt=\"\" srcset=\"https:\/\/www.colegiobolivar.edu.co\/website\/wp-content\/uploads\/2025\/10\/Poster-expo-3-724x1024.png 724w, https:\/\/www.colegiobolivar.edu.co\/website\/wp-content\/uploads\/2025\/10\/Poster-expo-3-212x300.png 212w, https:\/\/www.colegiobolivar.edu.co\/website\/wp-content\/uploads\/2025\/10\/Poster-expo-3-768x1086.png 768w, https:\/\/www.colegiobolivar.edu.co\/website\/wp-content\/uploads\/2025\/10\/Poster-expo-3-1086x1536.png 1086w, https:\/\/www.colegiobolivar.edu.co\/website\/wp-content\/uploads\/2025\/10\/Poster-expo-3.png 1414w\" sizes=\"(max-width: 724px) 100vw, 724px\" \/>\t\t\t\t\t\t\t\t\t\t\t\t\t\t\t<\/div>\n\t\t\t\t<\/div>\n\t\t<div class=\"elementor-element elementor-element-fa068c3 e-con-full e-flex e-con e-child\" data-id=\"fa068c3\" data-element_type=\"container\" data-e-type=\"container\">\n\t\t\t\t<div class=\"elementor-element elementor-element-1ceff27 elementor-widget elementor-widget-text-editor\" data-id=\"1ceff27\" data-element_type=\"widget\" data-e-type=\"widget\" data-widget_type=\"text-editor.default\">\n\t\t\t\t\t\t\t\t\t<h2><strong><span lang=\"ES-CO\">Exposici\u00f3n:\u00a0<\/span><span lang=\"ES-CO\"><i>Frankenstein &#8211; <\/i><\/span><\/strong><strong style=\"letter-spacing: 0px; word-spacing: 0em; font-size: 18px;\"><em>El Arte de Guillermo Toro<\/em><\/strong><\/h2><p><i style=\"letter-spacing: 0px; word-spacing: 0em;\">Explora la visi\u00f3n art\u00edstica del c\u00e9lebre director mexicano a trav\u00e9s de su interpretaci\u00f3n del mito de Frankenstein. Una muestra sobre la belleza de lo monstruoso, la creaci\u00f3n y la humanidad detr\u00e1s del horror.<\/i><\/p><ul><li><strong data-start=\"629\" data-end=\"639\">Lugar:<\/strong> Reference Room<\/li><li><strong data-start=\"657\" data-end=\"667\">Fecha:<\/strong> Todo noviembre<\/li><\/ul><div><h2><strong><em>Exhibition: Frankenstein \u2013\u00a0<\/em><\/strong><strong style=\"font-size: 18px; letter-spacing: 0px; word-spacing: 0em;\"><em>The Art of Guillermo del Toro<\/em><\/strong><\/h2><p><em>Discover the artistic vision of the acclaimed Mexican filmmaker through his interpretation of the Frankenstein\u00a0myth. A showcase of the beauty within monstrosity, creation, and the humanity behind horror.<\/em><\/p><ul><li><strong data-start=\"629\" data-end=\"639\">Place:<\/strong>\u00a0Reference Room<\/li><li><strong data-start=\"657\" data-end=\"667\">Date:<\/strong>\u00a0All November<\/li><\/ul><\/div>\t\t\t\t\t\t\t\t<\/div>\n\t\t\t\t<\/div>\n\t\t\t\t\t<\/div>\n\t\t\t\t<\/div>\n\t\t<div class=\"elementor-element elementor-element-39c4a59 e-flex e-con-boxed e-con e-parent\" data-id=\"39c4a59\" data-element_type=\"container\" data-e-type=\"container\">\n\t\t\t\t\t<div class=\"e-con-inner\">\n\t\t<div class=\"elementor-element elementor-element-1345ee3 e-con-full e-flex e-con e-child\" data-id=\"1345ee3\" data-element_type=\"container\" data-e-type=\"container\">\n\t\t\t\t<div class=\"elementor-element elementor-element-ad848d2 elementor-widget elementor-widget-image\" data-id=\"ad848d2\" data-element_type=\"widget\" data-e-type=\"widget\" data-widget_type=\"image.default\">\n\t\t\t\t\t\t\t\t\t\t\t\t\t\t\t<img decoding=\"async\" width=\"800\" height=\"950\" src=\"https:\/\/www.colegiobolivar.edu.co\/website\/wp-content\/uploads\/2025\/10\/Poster-pelicula-2-862x1024.png\" class=\"attachment-large size-large wp-image-36958\" alt=\"\" srcset=\"https:\/\/www.colegiobolivar.edu.co\/website\/wp-content\/uploads\/2025\/10\/Poster-pelicula-2-862x1024.png 862w, https:\/\/www.colegiobolivar.edu.co\/website\/wp-content\/uploads\/2025\/10\/Poster-pelicula-2-253x300.png 253w, https:\/\/www.colegiobolivar.edu.co\/website\/wp-content\/uploads\/2025\/10\/Poster-pelicula-2-768x912.png 768w, https:\/\/www.colegiobolivar.edu.co\/website\/wp-content\/uploads\/2025\/10\/Poster-pelicula-2-1293x1536.png 1293w, https:\/\/www.colegiobolivar.edu.co\/website\/wp-content\/uploads\/2025\/10\/Poster-pelicula-2.png 1414w\" sizes=\"(max-width: 800px) 100vw, 800px\" \/>\t\t\t\t\t\t\t\t\t\t\t\t\t\t\t<\/div>\n\t\t\t\t<\/div>\n\t\t<div class=\"elementor-element elementor-element-4221e1d e-con-full e-flex e-con e-child\" data-id=\"4221e1d\" data-element_type=\"container\" data-e-type=\"container\">\n\t\t\t\t<div class=\"elementor-element elementor-element-eda5ba6 elementor-widget elementor-widget-text-editor\" data-id=\"eda5ba6\" data-element_type=\"widget\" data-e-type=\"widget\" data-widget_type=\"text-editor.default\">\n\t\t\t\t\t\t\t\t\t<h2><strong><span lang=\"ES-CO\">Funci\u00f3n Especial de Cine<\/span><span lang=\"ES-CO\"><i> &#8211; <\/i><\/span><\/strong><strong style=\"letter-spacing: 0px; word-spacing: 0em; font-size: 18px;\"><em><strong>Frankenstein. <br \/>Dirigida por Guillermo del Toro<\/strong><\/em><\/strong><\/h2><p><em>Acomp\u00e1\u00f1anos a descubrir una visi\u00f3n oscura y profundamente humana del cl\u00e1sico de Mary Shelley.<\/em><\/p><ul><li><strong data-start=\"629\" data-end=\"639\">Lugar:<\/strong>\u00a0Propal<\/li><li><strong data-start=\"657\" data-end=\"667\">Fecha:<\/strong>\u00a011 de Noviembre | 1:30 p.m. <br \/><strong>**Para mayores de 13 a\u00f1os\u00a0<\/strong><\/li><\/ul><div><h2><strong><span lang=\"ES-CO\"><i><em>Special Film Screening<\/em>&#8211;\u00a0<\/i><\/span><\/strong><strong style=\"letter-spacing: 0px; word-spacing: 0em; font-size: 18px;\"><em><strong>Frankenstein.<br \/><\/strong><\/em><\/strong><strong style=\"letter-spacing: 0px; word-spacing: 0em; font-size: 18px;\"><em><strong>Directed by Guillermo del Toro<\/strong><\/em><\/strong><\/h2><p><em>Join us for a dark and deeply human reimagining of Mary Shelley\u2019s timeless story.<\/em><\/p><ul><li><strong data-start=\"629\" data-end=\"639\">Place:<\/strong>\u00a0Propal<\/li><li><strong data-start=\"657\" data-end=\"667\">Date:<\/strong>\u00a0November 11 | 1:30 p.m. <br \/><strong>**Ages 13 and up<\/strong><\/li><\/ul><\/div>\t\t\t\t\t\t\t\t<\/div>\n\t\t\t\t<\/div>\n\t\t\t\t\t<\/div>\n\t\t\t\t<\/div>\n\t\t<div class=\"elementor-element elementor-element-e950430 e-flex e-con-boxed e-con e-parent\" data-id=\"e950430\" data-element_type=\"container\" data-e-type=\"container\">\n\t\t\t\t\t<div class=\"e-con-inner\">\n\t\t<div class=\"elementor-element elementor-element-254cbff e-con-full e-flex e-con e-child\" data-id=\"254cbff\" data-element_type=\"container\" data-e-type=\"container\">\n\t\t\t\t<div class=\"elementor-element elementor-element-6c67cd4 elementor-widget__width-initial elementor-widget elementor-widget-image\" data-id=\"6c67cd4\" data-element_type=\"widget\" data-e-type=\"widget\" data-widget_type=\"image.default\">\n\t\t\t\t\t\t\t\t\t\t\t\t\t\t\t<img decoding=\"async\" width=\"800\" height=\"450\" src=\"https:\/\/www.colegiobolivar.edu.co\/website\/wp-content\/uploads\/2025\/10\/Dinovember-1024x576.png\" class=\"attachment-large size-large wp-image-36956\" alt=\"\" srcset=\"https:\/\/www.colegiobolivar.edu.co\/website\/wp-content\/uploads\/2025\/10\/Dinovember-1024x576.png 1024w, https:\/\/www.colegiobolivar.edu.co\/website\/wp-content\/uploads\/2025\/10\/Dinovember-300x169.png 300w, https:\/\/www.colegiobolivar.edu.co\/website\/wp-content\/uploads\/2025\/10\/Dinovember-768x432.png 768w, https:\/\/www.colegiobolivar.edu.co\/website\/wp-content\/uploads\/2025\/10\/Dinovember-1536x864.png 1536w, https:\/\/www.colegiobolivar.edu.co\/website\/wp-content\/uploads\/2025\/10\/Dinovember.png 1920w\" sizes=\"(max-width: 800px) 100vw, 800px\" \/>\t\t\t\t\t\t\t\t\t\t\t\t\t\t\t<\/div>\n\t\t\t\t<\/div>\n\t\t<div class=\"elementor-element elementor-element-fc64bd6 e-con-full e-flex e-con e-child\" data-id=\"fc64bd6\" data-element_type=\"container\" data-e-type=\"container\">\n\t\t\t\t<div class=\"elementor-element elementor-element-a7a1966 elementor-widget elementor-widget-text-editor\" data-id=\"a7a1966\" data-element_type=\"widget\" data-e-type=\"widget\" data-widget_type=\"text-editor.default\">\n\t\t\t\t\t\t\t\t\t<h2><strong><span lang=\"ES-CO\">Dinovember<i>\u00a0<\/i><\/span><\/strong><\/h2><p>Durante todo el mes de noviembre, los dinosaurios invaden nuestra biblioteca.<br \/><b>Acomp\u00e1\u00f1anos el martes 18 de noviembre\u00a0en la inauguraci\u00f3n del Paleontology Learning Center<\/b>\u00a0en la\u00a0<em>Reference Room<\/em>.\u00a0<span style=\"letter-spacing: 0px; word-spacing: 0em;\">Una aventura jur\u00e1sica para aprender, explorar y dejar volar la imaginaci\u00f3n.<\/span><strong style=\"letter-spacing: 0px; word-spacing: 0em;\">\u00a0<\/strong><\/p><div><h2><strong><span lang=\"ES-CO\">Dinovember<i>\u00a0<\/i><\/span><\/strong><\/h2><p>All through November, dinosaurs take over our library.<br \/>Join us on Tuesday, November 18, for the grand opening of the Paleontology Learning Center\u00a0in the\u00a0<em>Reference Room<\/em>.<br \/>A Jurassic adventure to learn, explore, and imagine!<\/p><p>\u00a0<\/p><\/div>\t\t\t\t\t\t\t\t<\/div>\n\t\t\t\t<\/div>\n\t\t\t\t\t<\/div>\n\t\t\t\t<\/div>\n\t\t\t\t<\/div>\n\t\t","protected":false},"excerpt":{"rendered":"<p>Exposici\u00f3n:\u00a0Frankenstein &#8211; El Arte de Guillermo Toro Explora la visi\u00f3n art\u00edstica del c\u00e9lebre director mexicano a trav\u00e9s de su interpretaci\u00f3n del mito de Frankenstein. Una muestra sobre la belleza de lo monstruoso, la creaci\u00f3n y la humanidad detr\u00e1s del horror. Lugar: Reference Room Fecha: Todo noviembre Exhibition: Frankenstein \u2013\u00a0The Art of Guillermo del Toro Discover [&hellip;]<\/p>\n","protected":false},"author":2,"featured_media":36931,"comment_status":"open","ping_status":"open","sticky":false,"template":"","format":"standard","meta":{"_acf_changed":false,"footnotes":""},"categories":[9],"tags":[],"class_list":["post-36930","post","type-post","status-publish","format-standard","has-post-thumbnail","hentry","category-sin-categoria-es"],"acf":[],"_links":{"self":[{"href":"https:\/\/www.colegiobolivar.edu.co\/website\/wp-json\/wp\/v2\/posts\/36930","targetHints":{"allow":["GET"]}}],"collection":[{"href":"https:\/\/www.colegiobolivar.edu.co\/website\/wp-json\/wp\/v2\/posts"}],"about":[{"href":"https:\/\/www.colegiobolivar.edu.co\/website\/wp-json\/wp\/v2\/types\/post"}],"author":[{"embeddable":true,"href":"https:\/\/www.colegiobolivar.edu.co\/website\/wp-json\/wp\/v2\/users\/2"}],"replies":[{"embeddable":true,"href":"https:\/\/www.colegiobolivar.edu.co\/website\/wp-json\/wp\/v2\/comments?post=36930"}],"version-history":[{"count":4,"href":"https:\/\/www.colegiobolivar.edu.co\/website\/wp-json\/wp\/v2\/posts\/36930\/revisions"}],"predecessor-version":[{"id":36972,"href":"https:\/\/www.colegiobolivar.edu.co\/website\/wp-json\/wp\/v2\/posts\/36930\/revisions\/36972"}],"wp:featuredmedia":[{"embeddable":true,"href":"https:\/\/www.colegiobolivar.edu.co\/website\/wp-json\/wp\/v2\/media\/36931"}],"wp:attachment":[{"href":"https:\/\/www.colegiobolivar.edu.co\/website\/wp-json\/wp\/v2\/media?parent=36930"}],"wp:term":[{"taxonomy":"category","embeddable":true,"href":"https:\/\/www.colegiobolivar.edu.co\/website\/wp-json\/wp\/v2\/categories?post=36930"},{"taxonomy":"post_tag","embeddable":true,"href":"https:\/\/www.colegiobolivar.edu.co\/website\/wp-json\/wp\/v2\/tags?post=36930"}],"curies":[{"name":"wp","href":"https:\/\/api.w.org\/{rel}","templated":true}]}}