{"id":38143,"date":"2025-11-10T21:11:34","date_gmt":"2025-11-10T21:11:34","guid":{"rendered":"https:\/\/colegiobolivar.edu.co\/website\/?p=38143"},"modified":"2026-02-16T16:05:46","modified_gmt":"2026-02-16T16:05:46","slug":"complejo-deportivo-mas-que-una-obra-un-espacio-para-encontrarnos","status":"publish","type":"post","link":"https:\/\/www.colegiobolivar.edu.co\/website\/es\/complejo-deportivo-mas-que-una-obra-un-espacio-para-encontrarnos\/","title":{"rendered":"Complejo Deportivo: m\u00e1s que una obra, un espacio para encontrarnos"},"content":{"rendered":"\t\t<div data-elementor-type=\"wp-post\" data-elementor-id=\"38143\" class=\"elementor elementor-38143\" data-elementor-post-type=\"post\">\n\t\t\t\t<div class=\"elementor-element elementor-element-d9cc6d3 e-flex e-con-boxed e-con e-parent\" data-id=\"d9cc6d3\" data-element_type=\"container\" data-e-type=\"container\">\n\t\t\t\t\t<div class=\"e-con-inner\">\n\t\t\t\t<div class=\"elementor-element elementor-element-6541562 elementor-widget elementor-widget-text-editor\" data-id=\"6541562\" data-element_type=\"widget\" data-e-type=\"widget\" data-widget_type=\"text-editor.default\">\n\t\t\t\t\t\t\t\t\t<p><span style=\"font-weight: 400;\">El <\/span><b>Complejo Deportivo del Colegio Bol\u00edvar<\/b><span style=\"font-weight: 400;\">, uno de los proyectos m\u00e1s importantes del <\/span><b>Plan Maestro de Infraestructura<\/b><span style=\"font-weight: 400;\">, contin\u00faa avanzando con paso firme y dentro del cronograma establecido. Esta obra de <\/span><b>8.200 m\u00b2 y tres niveles<\/b><span style=\"font-weight: 400;\"> busca responder a las necesidades del programa educativo y consolidarse como un espacio de encuentro para el deporte, la salud y la comunidad.<\/span><\/p>\t\t\t\t\t\t\t\t<\/div>\n\t\t\t\t\t<\/div>\n\t\t\t\t<\/div>\n\t\t<div class=\"elementor-element elementor-element-9dab957 e-flex e-con-boxed e-con e-parent\" data-id=\"9dab957\" data-element_type=\"container\" data-e-type=\"container\">\n\t\t\t\t\t<div class=\"e-con-inner\">\n\t\t\t\t<div class=\"elementor-element elementor-element-dcc43e6 elementor-widget elementor-widget-video\" data-id=\"dcc43e6\" data-element_type=\"widget\" data-e-type=\"widget\" data-settings=\"{&quot;youtube_url&quot;:&quot;youtube.com\\\/watch?v=3Rxxjj_PTKY&amp;feature=youtu.be&quot;,&quot;video_type&quot;:&quot;youtube&quot;,&quot;controls&quot;:&quot;yes&quot;}\" data-widget_type=\"video.default\">\n\t\t\t\t\t\t\t<div class=\"elementor-wrapper elementor-open-inline\">\n\t\t\t<div class=\"elementor-video\"><\/div>\t\t<\/div>\n\t\t\t\t\t\t<\/div>\n\t\t\t\t\t<\/div>\n\t\t\t\t<\/div>\n\t\t<div class=\"elementor-element elementor-element-74aff9a e-flex e-con-boxed e-con e-parent\" data-id=\"74aff9a\" data-element_type=\"container\" data-e-type=\"container\">\n\t\t\t\t\t<div class=\"e-con-inner\">\n\t\t\t\t<div class=\"elementor-element elementor-element-62277de elementor-widget elementor-widget-text-editor\" data-id=\"62277de\" data-element_type=\"widget\" data-e-type=\"widget\" data-widget_type=\"text-editor.default\">\n\t\t\t\t\t\t\t\t\t<p><span style=\"font-weight: 400;\">El proyecto inici\u00f3 en <\/span><b>2016<\/b><span style=\"font-weight: 400;\"> con la primera fase \u2014la zona de piscinas\u2014 inaugurada en <\/span><b>febrero de 2018<\/b><span style=\"font-weight: 400;\">, durante la celebraci\u00f3n de los <\/span><b>70 a\u00f1os del Colegio<\/b><span style=\"font-weight: 400;\">. Ese acto simb\u00f3lico marc\u00f3 el comienzo de una transformaci\u00f3n que hoy se materializa con la construcci\u00f3n de los m\u00f3dulos restantes: el <\/span><b>coliseo principal<\/b><span style=\"font-weight: 400;\"> y el <\/span><b>gimnasio de las secciones de Preprimaria y Primaria<\/b><span style=\"font-weight: 400;\">, conocido como <\/span><i><span style=\"font-weight: 400;\">Mafalda<\/span><\/i><span style=\"font-weight: 400;\">.<\/span><\/p><p><span style=\"font-weight: 400;\">Las obras civiles de esta nueva etapa comenzaron en <\/span><b>marzo de 2025<\/b><span style=\"font-weight: 400;\"> y actualmente se encuentran en la <\/span><b>fase de obra gris<\/b><span style=\"font-weight: 400;\">, consolidando las estructuras que dar\u00e1n forma a los diferentes espacios proyectados. El coliseo principal \u2014que contar\u00e1 con una cancha central, salones para gimnasia, aer\u00f3bicos y acondicionamiento f\u00edsico, camerinos, oficinas para profesores, cafeter\u00eda y bodegas\u2014 tiene su estructura de concreto pr\u00e1cticamente finalizada. En los pr\u00f3ximos meses se realizar\u00e1 el <\/span><b>vaciado de la \u00faltima losa de servicio<\/b><span style=\"font-weight: 400;\">, donde se ubicar\u00e1n los equipos de ventilaci\u00f3n y aire acondicionado, paso previo a la instalaci\u00f3n de la cubierta.<\/span><\/p><p><span style=\"font-weight: 400;\">En paralelo, la <\/span><b>zona Mafalda<\/b><span style=\"font-weight: 400;\">, que incluye canchas multiprop\u00f3sito cubiertas, ha avanzado a buen ritmo gracias a su cercan\u00eda con la secci\u00f3n de Primaria. Su estructura ya est\u00e1 terminada y se encuentra en proceso de <\/span><b>techado<\/b><span style=\"font-weight: 400;\">, lo que permitir\u00e1 iniciar pronto la construcci\u00f3n de ba\u00f1os, grader\u00edas y acabados. Seg\u00fan el cronograma, esta \u00e1rea estar\u00e1 lista en <\/span><b>enero de 2026<\/b><span style=\"font-weight: 400;\">, mientras que la totalidad del complejo \u2014incluido el coliseo\u2014 tiene como meta de finalizaci\u00f3n <\/span><b>junio o julio del mismo a\u00f1o<\/b><span style=\"font-weight: 400;\">.<\/span><\/p><p><span style=\"font-weight: 400;\">El proceso de construcci\u00f3n, supervisado por la <\/span><b>interventor\u00eda Francisco Angulo M. Ingenieros<\/b><span style=\"font-weight: 400;\">, ha transcurrido de manera satisfactoria, superando los retos propios de un proyecto de esta magnitud. Con su entrega, el Colegio Bol\u00edvar contar\u00e1 con <\/span><b>espacios deportivos de primer nivel<\/b><span style=\"font-weight: 400;\">, que ampliar\u00e1n las oportunidades de formaci\u00f3n integral y ofrecer\u00e1n nuevas posibilidades de encuentro y desarrollo para toda la comunidad educativa.<\/span><\/p>\t\t\t\t\t\t\t\t<\/div>\n\t\t\t\t\t<\/div>\n\t\t\t\t<\/div>\n\t\t\t\t<\/div>\n\t\t","protected":false},"excerpt":{"rendered":"<p>El Complejo Deportivo del Colegio Bol\u00edvar, uno de los proyectos m\u00e1s importantes del Plan Maestro de Infraestructura, contin\u00faa avanzando con paso firme y dentro del cronograma establecido. Esta obra de 8.200 m\u00b2 y tres niveles busca responder a las necesidades del programa educativo y consolidarse como un espacio de encuentro para el deporte, la salud [&hellip;]<\/p>\n","protected":false},"author":2,"featured_media":38548,"comment_status":"open","ping_status":"open","sticky":false,"template":"","format":"standard","meta":{"_acf_changed":false,"footnotes":""},"categories":[309,200,202,198,196],"tags":[192,188,247],"class_list":["post-38143","post","type-post","status-publish","format-standard","has-post-thumbnail","hentry","category-el-nido","category-preprimaria","category-primaria","category-secundaria-basica","category-secundaria-superior","tag-bienestar","tag-innovacion","tag-sostenibilidad"],"acf":[],"_links":{"self":[{"href":"https:\/\/www.colegiobolivar.edu.co\/website\/wp-json\/wp\/v2\/posts\/38143","targetHints":{"allow":["GET"]}}],"collection":[{"href":"https:\/\/www.colegiobolivar.edu.co\/website\/wp-json\/wp\/v2\/posts"}],"about":[{"href":"https:\/\/www.colegiobolivar.edu.co\/website\/wp-json\/wp\/v2\/types\/post"}],"author":[{"embeddable":true,"href":"https:\/\/www.colegiobolivar.edu.co\/website\/wp-json\/wp\/v2\/users\/2"}],"replies":[{"embeddable":true,"href":"https:\/\/www.colegiobolivar.edu.co\/website\/wp-json\/wp\/v2\/comments?post=38143"}],"version-history":[{"count":4,"href":"https:\/\/www.colegiobolivar.edu.co\/website\/wp-json\/wp\/v2\/posts\/38143\/revisions"}],"predecessor-version":[{"id":38547,"href":"https:\/\/www.colegiobolivar.edu.co\/website\/wp-json\/wp\/v2\/posts\/38143\/revisions\/38547"}],"wp:featuredmedia":[{"embeddable":true,"href":"https:\/\/www.colegiobolivar.edu.co\/website\/wp-json\/wp\/v2\/media\/38548"}],"wp:attachment":[{"href":"https:\/\/www.colegiobolivar.edu.co\/website\/wp-json\/wp\/v2\/media?parent=38143"}],"wp:term":[{"taxonomy":"category","embeddable":true,"href":"https:\/\/www.colegiobolivar.edu.co\/website\/wp-json\/wp\/v2\/categories?post=38143"},{"taxonomy":"post_tag","embeddable":true,"href":"https:\/\/www.colegiobolivar.edu.co\/website\/wp-json\/wp\/v2\/tags?post=38143"}],"curies":[{"name":"wp","href":"https:\/\/api.w.org\/{rel}","templated":true}]}}