{"id":40690,"date":"2026-01-26T20:36:12","date_gmt":"2026-01-26T20:36:12","guid":{"rendered":"https:\/\/www.colegiobolivar.edu.co\/website\/?p=40690"},"modified":"2026-04-10T14:49:22","modified_gmt":"2026-04-10T14:49:22","slug":"eventos-y-actividades-marzo-biblioteca-martin-felton","status":"publish","type":"post","link":"https:\/\/www.colegiobolivar.edu.co\/website\/es\/eventos-y-actividades-marzo-biblioteca-martin-felton\/","title":{"rendered":"Eventos y Actividades Marzo &#8211; Biblioteca Martin Felton"},"content":{"rendered":"\t\t<div data-elementor-type=\"wp-post\" data-elementor-id=\"40690\" class=\"elementor elementor-40690\" data-elementor-post-type=\"post\">\n\t\t\t\t<div class=\"elementor-element elementor-element-e4b09c1 e-flex e-con-boxed e-con e-parent\" data-id=\"e4b09c1\" data-element_type=\"container\" data-e-type=\"container\">\n\t\t\t\t\t<div class=\"e-con-inner\">\n\t\t\t\t\t<\/div>\n\t\t\t\t<\/div>\n\t\t<div class=\"elementor-element elementor-element-8a11bbc e-flex e-con-boxed e-con e-parent\" data-id=\"8a11bbc\" data-element_type=\"container\" data-e-type=\"container\">\n\t\t\t\t\t<div class=\"e-con-inner\">\n\t\t<div class=\"elementor-element elementor-element-6606426 e-con-full e-flex e-con e-child\" data-id=\"6606426\" data-element_type=\"container\" data-e-type=\"container\">\n\t\t\t\t<div class=\"elementor-element elementor-element-a1b0823 elementor-widget elementor-widget-image\" data-id=\"a1b0823\" data-element_type=\"widget\" data-e-type=\"widget\" data-widget_type=\"image.default\">\n\t\t\t\t\t\t\t\t\t\t\t\t\t\t\t<img fetchpriority=\"high\" decoding=\"async\" width=\"300\" height=\"200\" src=\"https:\/\/www.colegiobolivar.edu.co\/website\/wp-content\/uploads\/2026\/01\/Book-fair.png.avif\" class=\"attachment-large size-large wp-image-42432\" alt=\"\" \/>\t\t\t\t\t\t\t\t\t\t\t\t\t\t\t<\/div>\n\t\t\t\t<\/div>\n\t\t<div class=\"elementor-element elementor-element-bdf9e3c e-con-full e-flex e-con e-child\" data-id=\"bdf9e3c\" data-element_type=\"container\" data-e-type=\"container\">\n\t\t\t\t<div class=\"elementor-element elementor-element-d6375d3 elementor-widget elementor-widget-text-editor\" data-id=\"d6375d3\" data-element_type=\"widget\" data-e-type=\"widget\" data-widget_type=\"text-editor.default\">\n\t\t\t\t\t\t\t\t\t<p>La Book Fair 2026\u00a0re\u00fane cerca de veinte editoriales, un pabell\u00f3n de artistas y una amplia oferta editorial para toda la comunidad. Este a\u00f1o celebramos los 100 a\u00f1os de Winnie-the-Pooh, en un espacio que invita a descubrir, compartir y celebrar la lectura.<\/p>\t\t\t\t\t\t\t\t<\/div>\n\t\t\t\t<div class=\"elementor-element elementor-element-25a6459 elementor-widget elementor-widget-text-editor\" data-id=\"25a6459\" data-element_type=\"widget\" data-e-type=\"widget\" data-widget_type=\"text-editor.default\">\n\t\t\t\t\t\t\t\t\t<p>The Book Fair 2026\u00a0brings together nearly twenty publishing houses, an Artists\u2019 Pavilion, and a wide editorial offering for the entire community. This year, we celebrate the 100th anniversary of Winnie-the-Pooh, creating a space to discover, share, and celebrate reading.<\/p>\t\t\t\t\t\t\t\t<\/div>\n\t\t\t\t<\/div>\n\t\t\t\t\t<\/div>\n\t\t\t\t<\/div>\n\t\t<div class=\"elementor-element elementor-element-5c35a1b e-flex e-con-boxed e-con e-parent\" data-id=\"5c35a1b\" data-element_type=\"container\" data-e-type=\"container\">\n\t\t\t\t\t<div class=\"e-con-inner\">\n\t\t<div class=\"elementor-element elementor-element-573915c e-con-full e-flex e-con e-child\" data-id=\"573915c\" data-element_type=\"container\" data-e-type=\"container\">\n\t\t\t\t<div class=\"elementor-element elementor-element-b369a2b elementor-widget elementor-widget-image\" data-id=\"b369a2b\" data-element_type=\"widget\" data-e-type=\"widget\" data-widget_type=\"image.default\">\n\t\t\t\t\t\t\t\t\t\t\t\t\t\t\t<img decoding=\"async\" width=\"300\" height=\"200\" src=\"https:\/\/www.colegiobolivar.edu.co\/website\/wp-content\/uploads\/2026\/01\/PI.avif\" class=\"attachment-large size-large wp-image-42433\" alt=\"\" \/>\t\t\t\t\t\t\t\t\t\t\t\t\t\t\t<\/div>\n\t\t\t\t<\/div>\n\t\t<div class=\"elementor-element elementor-element-781214e e-con-full e-flex e-con e-child\" data-id=\"781214e\" data-element_type=\"container\" data-e-type=\"container\">\n\t\t\t\t<div class=\"elementor-element elementor-element-778369f elementor-widget elementor-widget-text-editor\" data-id=\"778369f\" data-element_type=\"widget\" data-e-type=\"widget\" data-widget_type=\"text-editor.default\">\n\t\t\t\t\t\t\t\t\t<p><span data-olk-copy-source=\"MessageBody\">Celebramos el D\u00eda Pi\u00a0en la Martin Felton Library con actividades que combinan matem\u00e1ticas, creatividad y juego. Una invitaci\u00f3n a explorar el n\u00famero m\u00e1s famoso de las matem\u00e1ticas y disfrutarlo en comunidad<\/span><\/p>\t\t\t\t\t\t\t\t<\/div>\n\t\t\t\t<div class=\"elementor-element elementor-element-21b8dc3 elementor-widget elementor-widget-text-editor\" data-id=\"21b8dc3\" data-element_type=\"widget\" data-e-type=\"widget\" data-widget_type=\"text-editor.default\">\n\t\t\t\t\t\t\t\t\t<p><span data-olk-copy-source=\"MessageBody\">We celebrate Pi Day\u00a0at the Martin Felton Library with activities that combine math, creativity, and play. A fun invitation to explore one of the most famous numbers in mathematics and enjoy it as a community.<\/span><\/p>\t\t\t\t\t\t\t\t<\/div>\n\t\t\t\t<\/div>\n\t\t\t\t\t<\/div>\n\t\t\t\t<\/div>\n\t\t<div class=\"elementor-element elementor-element-8e26a7b e-flex e-con-boxed e-con e-parent\" data-id=\"8e26a7b\" data-element_type=\"container\" data-e-type=\"container\">\n\t\t\t\t\t<div class=\"e-con-inner\">\n\t\t<div class=\"elementor-element elementor-element-047817e e-con-full e-flex e-con e-child\" data-id=\"047817e\" data-element_type=\"container\" data-e-type=\"container\">\n\t\t\t\t<div class=\"elementor-element elementor-element-971a656 elementor-widget elementor-widget-image\" data-id=\"971a656\" data-element_type=\"widget\" data-e-type=\"widget\" data-widget_type=\"image.default\">\n\t\t\t\t\t\t\t\t\t\t\t\t\t\t\t<img decoding=\"async\" width=\"300\" height=\"200\" src=\"https:\/\/www.colegiobolivar.edu.co\/website\/wp-content\/uploads\/2026\/01\/doodle.avif\" class=\"attachment-large size-large wp-image-42434\" alt=\"\" \/>\t\t\t\t\t\t\t\t\t\t\t\t\t\t\t<\/div>\n\t\t\t\t<\/div>\n\t\t<div class=\"elementor-element elementor-element-f82beaf e-con-full e-flex e-con e-child\" data-id=\"f82beaf\" data-element_type=\"container\" data-e-type=\"container\">\n\t\t\t\t<div class=\"elementor-element elementor-element-2d40cd0 elementor-widget elementor-widget-text-editor\" data-id=\"2d40cd0\" data-element_type=\"widget\" data-e-type=\"widget\" data-widget_type=\"text-editor.default\">\n\t\t\t\t\t\t\t\t\t<p><span data-olk-copy-source=\"MessageBody\">Doodle Portraits, del artista egresado Carlos Andr\u00e9s Poggio, explora la relaci\u00f3n entre pintura digital y arte pl\u00e1stico tradicional, creando un di\u00e1logo entre lo digital y lo an\u00e1logo a trav\u00e9s del retrato contempor\u00e1neo.<\/span><\/p>\t\t\t\t\t\t\t\t<\/div>\n\t\t\t\t<div class=\"elementor-element elementor-element-4e6477e elementor-widget elementor-widget-text-editor\" data-id=\"4e6477e\" data-element_type=\"widget\" data-e-type=\"widget\" data-widget_type=\"text-editor.default\">\n\t\t\t\t\t\t\t\t\t<p><span data-olk-copy-source=\"MessageBody\">Doodle Portraits, by alumnus Carlos Andr\u00e9s Poggio, explores the relationship between digital painting and traditional plastic arts, creating a dialogue between the digital and the analog through contemporary portraiture.<\/span><\/p>\t\t\t\t\t\t\t\t<\/div>\n\t\t\t\t<\/div>\n\t\t\t\t\t<\/div>\n\t\t\t\t<\/div>\n\t\t<div class=\"elementor-element elementor-element-4bdfb19 e-flex e-con-boxed e-con e-parent\" data-id=\"4bdfb19\" data-element_type=\"container\" data-e-type=\"container\">\n\t\t\t\t\t<div class=\"e-con-inner\">\n\t\t<div class=\"elementor-element elementor-element-878cbee e-con-full e-flex e-con e-child\" data-id=\"878cbee\" data-element_type=\"container\" data-e-type=\"container\">\n\t\t\t\t<div class=\"elementor-element elementor-element-d96202c elementor-widget elementor-widget-image\" data-id=\"d96202c\" data-element_type=\"widget\" data-e-type=\"widget\" data-widget_type=\"image.default\">\n\t\t\t\t\t\t\t\t\t\t\t\t\t\t\t<img loading=\"lazy\" decoding=\"async\" width=\"300\" height=\"200\" src=\"https:\/\/www.colegiobolivar.edu.co\/website\/wp-content\/uploads\/2026\/01\/VESTIDO.avif\" class=\"attachment-large size-large wp-image-42435\" alt=\"\" \/>\t\t\t\t\t\t\t\t\t\t\t\t\t\t\t<\/div>\n\t\t\t\t<\/div>\n\t\t<div class=\"elementor-element elementor-element-438299f e-con-full e-flex e-con e-child\" data-id=\"438299f\" data-element_type=\"container\" data-e-type=\"container\">\n\t\t\t\t<div class=\"elementor-element elementor-element-3d2464a elementor-widget elementor-widget-text-editor\" data-id=\"3d2464a\" data-element_type=\"widget\" data-e-type=\"widget\" data-widget_type=\"text-editor.default\">\n\t\t\t\t\t\t\t\t\t<p><span data-olk-copy-source=\"MessageBody\">En el Colgate Room, la exposici\u00f3n Historia del vestido: Dise\u00f1o, cultura y sociedad\u00a0dialoga con VOLATIL, la colecci\u00f3n del estudiante senior de grado 12 Samuel Garc\u00eda. Juntas exploran la moda como expresi\u00f3n cultural, hist\u00f3rica y art\u00edstica.<\/span><\/p>\t\t\t\t\t\t\t\t<\/div>\n\t\t\t\t<div class=\"elementor-element elementor-element-bfb4027 elementor-widget elementor-widget-text-editor\" data-id=\"bfb4027\" data-element_type=\"widget\" data-e-type=\"widget\" data-widget_type=\"text-editor.default\">\n\t\t\t\t\t\t\t\t\t<p><span data-olk-copy-source=\"MessageBody\">At the Colgate Room, History of Dress: Design, Culture, and Society\u00a0is presented alongside VOLATIL, the collection of Grade 12 senior student Samuel Garc\u00eda. Together, they explore fashion as a cultural, historical, and artistic expression.<\/span><\/p>\t\t\t\t\t\t\t\t<\/div>\n\t\t\t\t<\/div>\n\t\t\t\t\t<\/div>\n\t\t\t\t<\/div>\n\t\t<div class=\"elementor-element elementor-element-c42137c e-flex e-con-boxed e-con e-parent\" data-id=\"c42137c\" data-element_type=\"container\" data-e-type=\"container\">\n\t\t\t\t\t<div class=\"e-con-inner\">\n\t\t\t\t<div class=\"elementor-element elementor-element-6ee60b3 elementor-widget elementor-widget-image\" data-id=\"6ee60b3\" data-element_type=\"widget\" data-e-type=\"widget\" data-widget_type=\"image.default\">\n\t\t\t\t\t\t\t\t\t\t\t\t\t\t\t<img loading=\"lazy\" decoding=\"async\" width=\"800\" height=\"450\" src=\"https:\/\/www.colegiobolivar.edu.co\/website\/wp-content\/uploads\/2026\/01\/Poster-Samuel-1024x576.avif\" class=\"attachment-large size-large wp-image-42437\" alt=\"\" srcset=\"https:\/\/www.colegiobolivar.edu.co\/website\/wp-content\/uploads\/2026\/01\/Poster-Samuel-1024x576.avif 1024w, https:\/\/www.colegiobolivar.edu.co\/website\/wp-content\/uploads\/2026\/01\/Poster-Samuel-300x169.avif 300w, https:\/\/www.colegiobolivar.edu.co\/website\/wp-content\/uploads\/2026\/01\/Poster-Samuel-768x432.avif 768w, https:\/\/www.colegiobolivar.edu.co\/website\/wp-content\/uploads\/2026\/01\/Poster-Samuel-1536x864.avif 1536w, https:\/\/www.colegiobolivar.edu.co\/website\/wp-content\/uploads\/2026\/01\/Poster-Samuel.avif 1920w\" sizes=\"(max-width: 800px) 100vw, 800px\" \/>\t\t\t\t\t\t\t\t\t\t\t\t\t\t\t<\/div>\n\t\t\t\t\t<\/div>\n\t\t\t\t<\/div>\n\t\t\t\t<\/div>\n\t\t","protected":false},"excerpt":{"rendered":"<p>La Book Fair 2026\u00a0re\u00fane cerca de veinte editoriales, un pabell\u00f3n de artistas y una amplia oferta editorial para toda la comunidad. Este a\u00f1o celebramos los 100 a\u00f1os de Winnie-the-Pooh, en un espacio que invita a descubrir, compartir y celebrar la lectura. The Book Fair 2026\u00a0brings together nearly twenty publishing houses, an Artists\u2019 Pavilion, and a [&hellip;]<\/p>\n","protected":false},"author":2,"featured_media":36931,"comment_status":"open","ping_status":"open","sticky":false,"template":"","format":"standard","meta":{"_acf_changed":false,"footnotes":""},"categories":[9],"tags":[],"class_list":["post-40690","post","type-post","status-publish","format-standard","has-post-thumbnail","hentry","category-sin-categoria-es"],"acf":[],"_links":{"self":[{"href":"https:\/\/www.colegiobolivar.edu.co\/website\/wp-json\/wp\/v2\/posts\/40690","targetHints":{"allow":["GET"]}}],"collection":[{"href":"https:\/\/www.colegiobolivar.edu.co\/website\/wp-json\/wp\/v2\/posts"}],"about":[{"href":"https:\/\/www.colegiobolivar.edu.co\/website\/wp-json\/wp\/v2\/types\/post"}],"author":[{"embeddable":true,"href":"https:\/\/www.colegiobolivar.edu.co\/website\/wp-json\/wp\/v2\/users\/2"}],"replies":[{"embeddable":true,"href":"https:\/\/www.colegiobolivar.edu.co\/website\/wp-json\/wp\/v2\/comments?post=40690"}],"version-history":[{"count":8,"href":"https:\/\/www.colegiobolivar.edu.co\/website\/wp-json\/wp\/v2\/posts\/40690\/revisions"}],"predecessor-version":[{"id":42441,"href":"https:\/\/www.colegiobolivar.edu.co\/website\/wp-json\/wp\/v2\/posts\/40690\/revisions\/42441"}],"wp:featuredmedia":[{"embeddable":true,"href":"https:\/\/www.colegiobolivar.edu.co\/website\/wp-json\/wp\/v2\/media\/36931"}],"wp:attachment":[{"href":"https:\/\/www.colegiobolivar.edu.co\/website\/wp-json\/wp\/v2\/media?parent=40690"}],"wp:term":[{"taxonomy":"category","embeddable":true,"href":"https:\/\/www.colegiobolivar.edu.co\/website\/wp-json\/wp\/v2\/categories?post=40690"},{"taxonomy":"post_tag","embeddable":true,"href":"https:\/\/www.colegiobolivar.edu.co\/website\/wp-json\/wp\/v2\/tags?post=40690"}],"curies":[{"name":"wp","href":"https:\/\/api.w.org\/{rel}","templated":true}]}}